{"id":112480,"date":"2025-02-18T12:15:16","date_gmt":"2025-02-18T10:15:16","guid":{"rendered":"https:\/\/www.giurgiuveanul.ro\/stiri\/?p=112480"},"modified":"2025-02-18T12:15:16","modified_gmt":"2025-02-18T10:15:16","slug":"astazi-e-ziua-ta-la-multi-ani-domnule-primar-gheorghe-breazu","status":"publish","type":"post","link":"https:\/\/www.giurgiuveanul.ro\/stiri\/astazi-e-ziua-ta-la-multi-ani-domnule-primar-gheorghe-breazu\/","title":{"rendered":"Ast\u0103zi e ziua ta: La Mul\u0163i Ani, domnule primar Gheorghe Breazu!"},"content":{"rendered":"<p style=\"text-align: justify;\"><a href=\"https:\/\/www.giurgiuveanul.ro\/stiri\/wp-content\/uploads\/2025\/02\/000-gheorghe-breazu.jpg\"><img loading=\"lazy\" decoding=\"async\" class=\"aligncenter  wp-image-112481\" src=\"https:\/\/www.giurgiuveanul.ro\/stiri\/wp-content\/uploads\/2025\/02\/000-gheorghe-breazu-560x432.jpg\" alt=\"\" width=\"744\" height=\"574\" srcset=\"https:\/\/www.giurgiuveanul.ro\/stiri\/wp-content\/uploads\/2025\/02\/000-gheorghe-breazu-560x432.jpg 560w, https:\/\/www.giurgiuveanul.ro\/stiri\/wp-content\/uploads\/2025\/02\/000-gheorghe-breazu-250x193.jpg 250w, https:\/\/www.giurgiuveanul.ro\/stiri\/wp-content\/uploads\/2025\/02\/000-gheorghe-breazu-768x592.jpg 768w, https:\/\/www.giurgiuveanul.ro\/stiri\/wp-content\/uploads\/2025\/02\/000-gheorghe-breazu-1536x1184.jpg 1536w, https:\/\/www.giurgiuveanul.ro\/stiri\/wp-content\/uploads\/2025\/02\/000-gheorghe-breazu-400x308.jpg 400w, https:\/\/www.giurgiuveanul.ro\/stiri\/wp-content\/uploads\/2025\/02\/000-gheorghe-breazu.jpg 2000w\" sizes=\"auto, (max-width: 744px) 100vw, 744px\" \/><\/a>Ast\u0103zi,<!--more--> administra\u0163ia local\u0103 din Putineiu s\u0103rb\u0103tore\u0219te ziua de na\u0219tere a edilului s\u0103u, Gheorghe Breazu, care \u00eempline\u0219te 55 de ani. Cu acest prilej, ne al\u0103tur\u0103m familiei, prietenilor, colegilor din Prim\u0103rie \u0219i tuturor celor care \u00eel apreciaz\u0103, pentru a-i transmite cele mai sincere ur\u0103ri de s\u0103n\u0103tate, putere de munc\u0103 \u0219i succes \u00een tot ceea ce \u0219i-a propus pentru comunitate.<\/p>\n<p style=\"text-align: justify;\">Domnule primar, v\u0103 dorim ca aceast\u0103 zi special\u0103 s\u0103 v\u0103 aduc\u0103 bucurie, \u00eempliniri \u0219i multe momente frumoase al\u0103turi de cei dragi! S\u0103 ave\u021bi parte de zile senine, de inspira\u021bie \u00een proiectele dedicate oamenilor din Putineiu \u0219i de puterea de a duce la bun sf\u00e2r\u0219it fiecare plan care contribuie la dezvoltarea localit\u0103\u021bii.<\/p>\n<p style=\"text-align: justify;\">Fie ca urm\u0103torul an s\u0103 v\u0103 fie pres\u0103rat cu realiz\u0103ri deosebite, s\u0103n\u0103tate \u0219i \u00eempliniri!<\/p>\n<p style=\"text-align: justify;\">La Mul\u021bi Ani, domnule primar Gheorghe Breazu!<\/p>\n","protected":false},"excerpt":{"rendered":"<p>Ast\u0103zi,<\/p>\n","protected":false},"author":1,"featured_media":0,"comment_status":"open","ping_status":"open","sticky":false,"template":"","format":"standard","meta":{"footnotes":""},"categories":[16],"tags":[],"class_list":["post-112480","post","type-post","status-publish","format-standard","hentry","category-astazi-e-ziua-ta"],"_links":{"self":[{"href":"https:\/\/www.giurgiuveanul.ro\/stiri\/wp-json\/wp\/v2\/posts\/112480","targetHints":{"allow":["GET"]}}],"collection":[{"href":"https:\/\/www.giurgiuveanul.ro\/stiri\/wp-json\/wp\/v2\/posts"}],"about":[{"href":"https:\/\/www.giurgiuveanul.ro\/stiri\/wp-json\/wp\/v2\/types\/post"}],"author":[{"embeddable":true,"href":"https:\/\/www.giurgiuveanul.ro\/stiri\/wp-json\/wp\/v2\/users\/1"}],"replies":[{"embeddable":true,"href":"https:\/\/www.giurgiuveanul.ro\/stiri\/wp-json\/wp\/v2\/comments?post=112480"}],"version-history":[{"count":1,"href":"https:\/\/www.giurgiuveanul.ro\/stiri\/wp-json\/wp\/v2\/posts\/112480\/revisions"}],"predecessor-version":[{"id":112482,"href":"https:\/\/www.giurgiuveanul.ro\/stiri\/wp-json\/wp\/v2\/posts\/112480\/revisions\/112482"}],"wp:attachment":[{"href":"https:\/\/www.giurgiuveanul.ro\/stiri\/wp-json\/wp\/v2\/media?parent=112480"}],"wp:term":[{"taxonomy":"category","embeddable":true,"href":"https:\/\/www.giurgiuveanul.ro\/stiri\/wp-json\/wp\/v2\/categories?post=112480"},{"taxonomy":"post_tag","embeddable":true,"href":"https:\/\/www.giurgiuveanul.ro\/stiri\/wp-json\/wp\/v2\/tags?post=112480"}],"curies":[{"name":"wp","href":"https:\/\/api.w.org\/{rel}","templated":true}]}}