{"id":112533,"date":"2025-02-19T15:04:37","date_gmt":"2025-02-19T13:04:37","guid":{"rendered":"https:\/\/www.giurgiuveanul.ro\/stiri\/?p=112533"},"modified":"2025-02-19T15:04:37","modified_gmt":"2025-02-19T13:04:37","slug":"djtadjct-interventii-continue-pe-drumurile-judetene-din-giurgiu-pentru-mentinerea-circulatiei-in-conditii-de-siguranta","status":"publish","type":"post","link":"https:\/\/www.giurgiuveanul.ro\/stiri\/djtadjct-interventii-continue-pe-drumurile-judetene-din-giurgiu-pentru-mentinerea-circulatiei-in-conditii-de-siguranta\/","title":{"rendered":"DJTADJCT. Interven\u021bii continue pe drumurile jude\u021bene din Giurgiu pentru men\u021binerea circula\u021biei \u00een condi\u021bii de siguran\u021b\u0103"},"content":{"rendered":"<p style=\"text-align: justify;\" data-start=\"121\" data-end=\"432\"><a href=\"https:\/\/www.giurgiuveanul.ro\/stiri\/wp-content\/uploads\/2025\/02\/transport-1.jpg\"><img loading=\"lazy\" decoding=\"async\" class=\"aligncenter  wp-image-112534\" src=\"https:\/\/www.giurgiuveanul.ro\/stiri\/wp-content\/uploads\/2025\/02\/transport-1-560x332.jpg\" alt=\"\" width=\"681\" height=\"404\" srcset=\"https:\/\/www.giurgiuveanul.ro\/stiri\/wp-content\/uploads\/2025\/02\/transport-1-560x332.jpg 560w, https:\/\/www.giurgiuveanul.ro\/stiri\/wp-content\/uploads\/2025\/02\/transport-1-250x148.jpg 250w, https:\/\/www.giurgiuveanul.ro\/stiri\/wp-content\/uploads\/2025\/02\/transport-1-768x455.jpg 768w, https:\/\/www.giurgiuveanul.ro\/stiri\/wp-content\/uploads\/2025\/02\/transport-1-400x237.jpg 400w, https:\/\/www.giurgiuveanul.ro\/stiri\/wp-content\/uploads\/2025\/02\/transport-1.jpg 900w\" sizes=\"auto, (max-width: 681px) 100vw, 681px\" \/><\/a>\u00cen contextul<!--more--> <strong data-start=\"134\" data-end=\"213\">aten\u021bion\u0103rii de Cod Galben de ninsori temporar viscolite \u0219i strat de z\u0103pad\u0103<\/strong>, valabil\u0103 \u0219i pentru jude\u021bul Giurgiu, Direc\u021bia Jude\u021bean\u0103 de Transport, Administrarea Drumurilor Jude\u021bene \u0219i Control Trafic (DJTADJCT) <strong data-start=\"347\" data-end=\"370\">ac\u021bioneaz\u0103 constant<\/strong> pentru a men\u021bine drumurile jude\u021bene practicabile \u0219i sigure.<\/p>\n<p style=\"text-align: justify;\" data-start=\"434\" data-end=\"841\">Conform <strong data-start=\"445\" data-end=\"516\">\u201ePlanului Operativ Propriu de Ac\u021biune pe Timpul Iernii 2024 &#8211; 2025\u201d<\/strong>, echipele de interven\u021bie au ac\u021bionat \u00een zona Sud cu <strong data-start=\"569\" data-end=\"594\">\u0219ase autospeciale ATB<\/strong> \u0219i <strong data-start=\"598\" data-end=\"634\">un utilaj multifunc\u021bional UNIMOG<\/strong>, dotate cu lam\u0103 pentru \u00eendep\u0103rtarea z\u0103pezii \u0219i instala\u021bie RSP pentru \u00eempr\u0103\u0219tierea de material antiderapant. Pe <strong data-start=\"746\" data-end=\"761\">lotul nr. 2<\/strong>, alte <strong data-start=\"768\" data-end=\"793\">trei autospeciale ATB<\/strong> au intervenit pentru degajarea carosabilului.<\/p>\n<p data-start=\"434\" data-end=\"841\"><a href=\"https:\/\/www.giurgiuveanul.ro\/stiri\/wp-content\/uploads\/2025\/02\/transport-2.jpg\"><img loading=\"lazy\" decoding=\"async\" class=\"aligncenter  wp-image-112535\" src=\"https:\/\/www.giurgiuveanul.ro\/stiri\/wp-content\/uploads\/2025\/02\/transport-2-558x450.jpg\" alt=\"\" width=\"684\" height=\"552\" srcset=\"https:\/\/www.giurgiuveanul.ro\/stiri\/wp-content\/uploads\/2025\/02\/transport-2-558x450.jpg 558w, https:\/\/www.giurgiuveanul.ro\/stiri\/wp-content\/uploads\/2025\/02\/transport-2-250x202.jpg 250w, https:\/\/www.giurgiuveanul.ro\/stiri\/wp-content\/uploads\/2025\/02\/transport-2-768x620.jpg 768w, https:\/\/www.giurgiuveanul.ro\/stiri\/wp-content\/uploads\/2025\/02\/transport-2-400x323.jpg 400w, https:\/\/www.giurgiuveanul.ro\/stiri\/wp-content\/uploads\/2025\/02\/transport-2.jpg 900w\" sizes=\"auto, (max-width: 684px) 100vw, 684px\" \/><\/a> <a href=\"https:\/\/www.giurgiuveanul.ro\/stiri\/wp-content\/uploads\/2025\/02\/transport-4.jpg\"><img loading=\"lazy\" decoding=\"async\" class=\"aligncenter  wp-image-112536\" src=\"https:\/\/www.giurgiuveanul.ro\/stiri\/wp-content\/uploads\/2025\/02\/transport-4-560x420.jpg\" alt=\"\" width=\"688\" height=\"516\" srcset=\"https:\/\/www.giurgiuveanul.ro\/stiri\/wp-content\/uploads\/2025\/02\/transport-4-560x420.jpg 560w, https:\/\/www.giurgiuveanul.ro\/stiri\/wp-content\/uploads\/2025\/02\/transport-4-250x188.jpg 250w, https:\/\/www.giurgiuveanul.ro\/stiri\/wp-content\/uploads\/2025\/02\/transport-4-768x576.jpg 768w, https:\/\/www.giurgiuveanul.ro\/stiri\/wp-content\/uploads\/2025\/02\/transport-4-400x300.jpg 400w, https:\/\/www.giurgiuveanul.ro\/stiri\/wp-content\/uploads\/2025\/02\/transport-4.jpg 900w\" sizes=\"auto, (max-width: 688px) 100vw, 688px\" \/><\/a><\/p>\n<p style=\"text-align: justify;\" data-start=\"843\" data-end=\"1029\"><strong data-start=\"846\" data-end=\"954\">&#8222;La ora actual\u0103, niciun drum jude\u021bean nu este \u00eenchis, iar circula\u021bia se desf\u0103\u0219oar\u0103 \u00een condi\u021bii de iarn\u0103&#8221;<\/strong>, a declarat <strong data-start=\"967\" data-end=\"986\">Daniel C\u0103rpu\u0219or<\/strong>, directorul general al DJTADJCT Giurgiu.<\/p>\n<p style=\"text-align: justify;\" data-start=\"1031\" data-end=\"1222\"><strong data-start=\"1034\" data-end=\"1063\">Echipele r\u0103m\u00e2n mobilizate<\/strong> \u0219i sunt preg\u0103tite s\u0103 intervin\u0103 \u00een func\u021bie de evolu\u021bia fenomenelor meteorologice pentru a preveni blocajele \u0219i a asigura siguran\u021ba participan\u021bilor la trafic.<\/p>\n<p style=\"text-align: justify;\" data-start=\"1224\" data-end=\"1480\">\n","protected":false},"excerpt":{"rendered":"<p>\u00cen contextul<\/p>\n","protected":false},"author":1,"featured_media":0,"comment_status":"open","ping_status":"open","sticky":false,"template":"","format":"standard","meta":{"footnotes":""},"categories":[1],"tags":[],"class_list":["post-112533","post","type-post","status-publish","format-standard","hentry","category-actualitate"],"_links":{"self":[{"href":"https:\/\/www.giurgiuveanul.ro\/stiri\/wp-json\/wp\/v2\/posts\/112533","targetHints":{"allow":["GET"]}}],"collection":[{"href":"https:\/\/www.giurgiuveanul.ro\/stiri\/wp-json\/wp\/v2\/posts"}],"about":[{"href":"https:\/\/www.giurgiuveanul.ro\/stiri\/wp-json\/wp\/v2\/types\/post"}],"author":[{"embeddable":true,"href":"https:\/\/www.giurgiuveanul.ro\/stiri\/wp-json\/wp\/v2\/users\/1"}],"replies":[{"embeddable":true,"href":"https:\/\/www.giurgiuveanul.ro\/stiri\/wp-json\/wp\/v2\/comments?post=112533"}],"version-history":[{"count":1,"href":"https:\/\/www.giurgiuveanul.ro\/stiri\/wp-json\/wp\/v2\/posts\/112533\/revisions"}],"predecessor-version":[{"id":112537,"href":"https:\/\/www.giurgiuveanul.ro\/stiri\/wp-json\/wp\/v2\/posts\/112533\/revisions\/112537"}],"wp:attachment":[{"href":"https:\/\/www.giurgiuveanul.ro\/stiri\/wp-json\/wp\/v2\/media?parent=112533"}],"wp:term":[{"taxonomy":"category","embeddable":true,"href":"https:\/\/www.giurgiuveanul.ro\/stiri\/wp-json\/wp\/v2\/categories?post=112533"},{"taxonomy":"post_tag","embeddable":true,"href":"https:\/\/www.giurgiuveanul.ro\/stiri\/wp-json\/wp\/v2\/tags?post=112533"}],"curies":[{"name":"wp","href":"https:\/\/api.w.org\/{rel}","templated":true}]}}