{"id":112560,"date":"2025-02-20T11:30:59","date_gmt":"2025-02-20T09:30:59","guid":{"rendered":"https:\/\/www.giurgiuveanul.ro\/stiri\/?p=112560"},"modified":"2025-02-20T11:32:35","modified_gmt":"2025-02-20T09:32:35","slug":"s-a-stins-din-viata-florea-pietroseneanu-fost-primar-al-comunei-gaujani","status":"publish","type":"post","link":"https:\/\/www.giurgiuveanul.ro\/stiri\/s-a-stins-din-viata-florea-pietroseneanu-fost-primar-al-comunei-gaujani\/","title":{"rendered":"S-a stins din via\u0163\u0103 Florea Pietro\u015feneanu, fost primar al comunei G\u0103ujani&#8230;"},"content":{"rendered":"<p style=\"text-align: justify;\"><a href=\"https:\/\/www.giurgiuveanul.ro\/stiri\/wp-content\/uploads\/2025\/02\/Florea-pietrosaneanau-bun-2.jpg\"><img loading=\"lazy\" decoding=\"async\" class=\"aligncenter  wp-image-112564\" src=\"https:\/\/www.giurgiuveanul.ro\/stiri\/wp-content\/uploads\/2025\/02\/Florea-pietrosaneanau-bun-2-560x388.jpg\" alt=\"\" width=\"755\" height=\"523\" srcset=\"https:\/\/www.giurgiuveanul.ro\/stiri\/wp-content\/uploads\/2025\/02\/Florea-pietrosaneanau-bun-2-560x388.jpg 560w, https:\/\/www.giurgiuveanul.ro\/stiri\/wp-content\/uploads\/2025\/02\/Florea-pietrosaneanau-bun-2-250x173.jpg 250w, https:\/\/www.giurgiuveanul.ro\/stiri\/wp-content\/uploads\/2025\/02\/Florea-pietrosaneanau-bun-2-768x532.jpg 768w, https:\/\/www.giurgiuveanul.ro\/stiri\/wp-content\/uploads\/2025\/02\/Florea-pietrosaneanau-bun-2-1536x1064.jpg 1536w, https:\/\/www.giurgiuveanul.ro\/stiri\/wp-content\/uploads\/2025\/02\/Florea-pietrosaneanau-bun-2-400x277.jpg 400w, https:\/\/www.giurgiuveanul.ro\/stiri\/wp-content\/uploads\/2025\/02\/Florea-pietrosaneanau-bun-2.jpg 1829w\" sizes=\"auto, (max-width: 755px) 100vw, 755px\" \/><\/a>Cu profund\u0103 triste\u021be \u0219i regrete, anun\u021b\u0103m<!--more--> trecerea la cele ve\u0219nice a domnului <strong>Florea Pietro\u015feneanu<\/strong>, primarul comunei G\u0103ujani timp de 30 de ani. A fost un om de o mare valoare, dedicat comunit\u0103\u021bii, pe care a servit-o cu cinste \u0219i onoare, demonstr\u00e2nd \u00een fiecare zi dragoste pentru oameni \u0219i pentru locurile natale.<\/p>\n<p style=\"text-align: justify;\">Pe parcursul celor trei decenii de mandat, domnul Florea Pietro\u015feneanu a fost nu doar un lider, ci \u0219i un exemplu de integritate, responsabilitate \u0219i devotament. A reu\u0219it s\u0103 transforme comuna G\u0103ujani \u00eentr-un loc mai bun, aduc\u00e2nd progres \u0219i \u00eenv\u0103\u021b\u0103minte pentru to\u021bi cei care l-au cunoscut.<\/p>\n<p style=\"text-align: justify;\">A fost un bun familist, un tat\u0103 iubitor, un bunic \u0219i un str\u0103bunic devotat, un om care \u0219i-a \u00eendeplinit cu stoicism datoriile fa\u021b\u0103 de familia sa \u0219i fa\u021b\u0103 de cei care l-au ales \u0219i respectat.<\/p>\n<p style=\"text-align: justify;\">Lec\u021biile de via\u021b\u0103, curajul \u0219i r\u0103bdarea sa vor r\u0103m\u00e2ne un ghid pentru \u00eentreaga comunitate, care va p\u0103stra mereu \u00een amintire contribu\u021biile sale \u0219i spiritul de unitate pe care le-a cultivat.<\/p>\n<p style=\"text-align: justify;\">Suntem al\u0103turi de familia \u00eendurerat\u0103 \u00een aceste momente de durere \u0219i le dorim mult\u0103 putere pentru a trece peste aceast\u0103 pierdere imens\u0103.<\/p>\n<p style=\"text-align: justify;\">Trupul ne\u00eensufle\u0163it este depus la domiciliul s\u0103u, iar slujba de \u00eenmorm\u00e2ntare va avea loc s\u00e2mb\u0103t\u0103, 22 februarie, la biserica din comuna G\u0103ujani, jude\u021bul Giurgiu.<\/p>\n<p style=\"text-align: justify;\">Dumnezeu s\u0103-l odihneasc\u0103 \u00een pace!<\/p>\n","protected":false},"excerpt":{"rendered":"<p>Cu profund\u0103 triste\u021be \u0219i regrete, anun\u021b\u0103m<\/p>\n","protected":false},"author":1,"featured_media":0,"comment_status":"open","ping_status":"open","sticky":false,"template":"","format":"standard","meta":{"footnotes":""},"categories":[22],"tags":[],"class_list":["post-112560","post","type-post","status-publish","format-standard","hentry","category-deces"],"_links":{"self":[{"href":"https:\/\/www.giurgiuveanul.ro\/stiri\/wp-json\/wp\/v2\/posts\/112560","targetHints":{"allow":["GET"]}}],"collection":[{"href":"https:\/\/www.giurgiuveanul.ro\/stiri\/wp-json\/wp\/v2\/posts"}],"about":[{"href":"https:\/\/www.giurgiuveanul.ro\/stiri\/wp-json\/wp\/v2\/types\/post"}],"author":[{"embeddable":true,"href":"https:\/\/www.giurgiuveanul.ro\/stiri\/wp-json\/wp\/v2\/users\/1"}],"replies":[{"embeddable":true,"href":"https:\/\/www.giurgiuveanul.ro\/stiri\/wp-json\/wp\/v2\/comments?post=112560"}],"version-history":[{"count":3,"href":"https:\/\/www.giurgiuveanul.ro\/stiri\/wp-json\/wp\/v2\/posts\/112560\/revisions"}],"predecessor-version":[{"id":112565,"href":"https:\/\/www.giurgiuveanul.ro\/stiri\/wp-json\/wp\/v2\/posts\/112560\/revisions\/112565"}],"wp:attachment":[{"href":"https:\/\/www.giurgiuveanul.ro\/stiri\/wp-json\/wp\/v2\/media?parent=112560"}],"wp:term":[{"taxonomy":"category","embeddable":true,"href":"https:\/\/www.giurgiuveanul.ro\/stiri\/wp-json\/wp\/v2\/categories?post=112560"},{"taxonomy":"post_tag","embeddable":true,"href":"https:\/\/www.giurgiuveanul.ro\/stiri\/wp-json\/wp\/v2\/tags?post=112560"}],"curies":[{"name":"wp","href":"https:\/\/api.w.org\/{rel}","templated":true}]}}