{"id":112901,"date":"2025-03-04T16:07:44","date_gmt":"2025-03-04T14:07:44","guid":{"rendered":"https:\/\/www.giurgiuveanul.ro\/stiri\/?p=112901"},"modified":"2025-03-04T16:12:36","modified_gmt":"2025-03-04T14:12:36","slug":"obezitatea-risca-sa-inlocuiasca-fumatul-ca-principala-cauza-de-cancer","status":"publish","type":"post","link":"https:\/\/www.giurgiuveanul.ro\/stiri\/obezitatea-risca-sa-inlocuiasca-fumatul-ca-principala-cauza-de-cancer\/","title":{"rendered":"Obezitatea risc\u0103 s\u0103 \u00eenlocuiasc\u0103 fumatul ca principala cauz\u0103 de cancer"},"content":{"rendered":"<p style=\"text-align: justify;\"><strong><a href=\"https:\/\/www.giurgiuveanul.ro\/stiri\/wp-content\/uploads\/2025\/03\/obed-1.jpeg\"><img loading=\"lazy\" decoding=\"async\" class=\"aligncenter wp-image-112902\" src=\"https:\/\/www.giurgiuveanul.ro\/stiri\/wp-content\/uploads\/2025\/03\/obed-1-560x410.jpeg\" alt=\"\" width=\"735\" height=\"538\" srcset=\"https:\/\/www.giurgiuveanul.ro\/stiri\/wp-content\/uploads\/2025\/03\/obed-1-560x410.jpeg 560w, https:\/\/www.giurgiuveanul.ro\/stiri\/wp-content\/uploads\/2025\/03\/obed-1-250x183.jpeg 250w, https:\/\/www.giurgiuveanul.ro\/stiri\/wp-content\/uploads\/2025\/03\/obed-1-768x562.jpeg 768w, https:\/\/www.giurgiuveanul.ro\/stiri\/wp-content\/uploads\/2025\/03\/obed-1-400x293.jpeg 400w, https:\/\/www.giurgiuveanul.ro\/stiri\/wp-content\/uploads\/2025\/03\/obed-1.jpeg 1027w\" sizes=\"auto, (max-width: 735px) 100vw, 735px\" \/><\/a>OBEZITATEA nu \u00eenseamn\u0103 doar kilograme \u00een exces. Este o boal\u0103 cronic\u0103 complex\u0103, cu implica\u021bii majore asupra<!--more--> s\u0103n\u0103t\u0103\u021bii \u0219i un factor de risc pentru multe alte boli cronice netransmisibile, printre care cel pu\u021bin 13 tipuri de cancer*. \u00cen urm\u0103torii zece ani se preconizeaz\u0103 c\u0103 OBEZITATEA va deveni principalul factor de risc \u00een apari\u021bia cancerului, lu\u00e2nd astfel locul fumatului. De Ziua Mondial\u0103 a Obezit\u0103\u021bii, Asocia\u021bia \u00cempreun\u0103 \u00cempotriva Obezit\u0103\u021bii al\u0103turi de Asocia\u021bia Pacien\u021bilor cu Afec\u021biuni Hepatice din Rom\u00e2nia \u0219i Asocia\u0163ia Pacien\u0163ilor cu Boli Endocrine din Rom\u00e2nia, trag un semnal de alarm\u0103 asupra pericolului pe care \u00eel reprezint\u0103 aceast\u0103 afec\u021biune pentru s\u0103n\u0103tatea omenirii.<\/strong><\/p>\n<p style=\"text-align: justify;\">Este important s\u0103 \u00een\u021belegem obezitatea drept ceea ce este: o boala\u0306 cronica\u0306 recidivanta\u0306 \u0219i cauz\u0103 a peste 200 de complica\u021bii, printre care: diabetul zaharat de tip 2, bolile cardiovasculare \u0219i cancerul, trei dintre principalele patru boli cronice netransmisibile recunoscute la nivel interna\u021bional. Conform Agen\u021biei Interna\u021bionale de Cercetare \u00een domeniul Cancerului, obezitatea cre\u0219te riscul de a dezvolta cel pu\u021bin 13 tipuri de cancer, printre care se num\u0103r\u0103 cancerul de esofag, de pancreas, de colon, de s\u00e2n, de endometru, de rinichi, de tiroid\u0103, de ficat \u0219i de vezic\u0103 biliar\u0103. La nivel global se estimeaz\u0103 c\u0103 \u00eentre 4 \u0219i 8% dintre cazurile de cancer diagnosticate anual pot fi atribuite direct obezit\u0103\u021bii.<\/p>\n<p style=\"text-align: justify;\">\u201e<em>Obezitatea este o boal\u0103 cronic\u0103 complex\u0103 \u0219i nu trebuie niciodat\u0103 v\u0103zut\u0103 doar ca un rezultat al unor alegeri personale sau al unui anumit stil de via\u021b\u0103. Obezitatea este, \u00een acela\u0219i timp, \u0219i o poart\u0103 deschis\u0103 c\u0103tre 3 dintre cele mai frecvente boli netransmisibile, inclusiv multe forme de cancer. Este important ca persoanele care tr\u0103iesc cu obezitate \u00een Rom\u00e2nia s\u0103 primeasc\u0103 ajutor \u00een tratarea \u0219i gestionarea bolii \u0219i ca autorit\u0103\u021bile s\u0103 \u00een\u021beleag\u0103 faptul c\u0103 orice \u00eent\u00e2rziere cost\u0103 vie\u021bi \u0219i cre\u0219te dramatic riscul de a dezvolta alte boli cronice netransmisibile<\/em>.\u201d \u2013 <strong>Lorenzo Radu<\/strong>, Asocia\u021bia \u00cempreun\u0103 \u00cempotriva Obezit\u0103\u021bii.<\/p>\n<p style=\"text-align: justify;\">I\u0302n prezent, peste 66% dintre adult\u0326ii din Europa sunt fie supraponderali, fie tra\u0306iesc cu obezitate, iar estima\u0306rile arata\u0306 ca\u0306, fa\u0306ra\u0306 intervent\u0326ii eficiente, acest procent va cres\u0326te la 77% \u00een urm\u0103torii 10 ani. Situa\u021bia actual\u0103 preveste\u0219te un viitor \u00eengrijor\u0103tor, mai ales pentru genera\u021biile tinere. Copiii \u0219i adolescen\u021bii sunt tot mai vulnerabili \u00een fa\u021ba obezit\u0103\u021bii, iar datele recente arat\u0103 c\u0103 aceast\u0103 problem\u0103 va deveni \u0219i mai grav\u0103 \u00een urm\u0103torii ani. \u00cen lipsa unor m\u0103suri concrete, se estimeaz\u0103 c\u0103 \u00een 2035, aproape jum\u0103tate din copiii din Europa se vor confrunta cu obezitate sau vor fi supraponderali.<\/p>\n<p style=\"text-align: justify;\">\u0218i \u00een Rom\u00e2nia ne confrunt\u0103m cu o situa\u021bie alarmant\u0103: peste jum\u0103tate din popula\u021bia adult\u0103 \u0219i aproape jum\u0103tate dintre copii se confrunt\u0103 cu probleme legate de greutate, iar estim\u0103rile indic\u0103 o cre\u0219tere anual\u0103 de 3.1% \u00een urm\u0103torii zece ani.****<\/p>\n<p style=\"text-align: justify;\">\u201e<em>Obezitatea este o problem\u0103 de s\u0103n\u0103tate public\u0103 ce afecteaz\u0103 din ce \u00een ce mai multe persoane \u0219i a c\u0103rei prevalen\u021b\u0103 o dep\u0103\u0219e\u0219te pe cea a bolilor cardiovasculare, a cancerului sau a diabetului zaharat. Obezitatea a fost recunoscut\u0103 ca fiind o boal\u0103, iar ultimele ghiduri interna\u021bionale ne \u00eendeamn\u0103 s\u0103 o trat\u0103m ca atare, mai ales av\u00e2nd \u00een vedere v\u00e2rstele din ce \u00een ce mai fragede\u00a0la\u00a0care\u00a0apare.\u201d <\/em>spune <strong>dr. Cristina Bica<\/strong>, medic specialist diabet zaharat, nutri\u021bie \u0219i boli metabolice.<\/p>\n<p style=\"text-align: justify;\">\u201e<em>Pe termen scurt, mediu \u0219i lung autorit\u0103\u021bile din Rom\u00e2nia trebuie s\u0103 investeasc\u0103 masiv \u00een m\u0103suri de prevenire a obezit\u0103\u021bii mai ales \u00een r\u00e2ndul genera\u021biilor tinere. E vorba de m\u0103suri simple cum ar fi educa\u021bia pentru s\u0103n\u0103tate, cre\u0219terea num\u0103rului de ore de sport, inclusiv \u00een liceu, sus\u021binerea tinerilor s\u0103 practice sport \u00een mas\u0103, precum \u0219i asigurarea \u00een \u0219coli a unei educa\u021bii privind alimenta\u021bia s\u0103n\u0103toas\u0103. Politicile de s\u0103n\u0103tate trebuie s\u0103 aib\u0103 \u00een vedere preven\u021bia pe toate palierele, dar \u0219i sus\u021binerea pacien\u021bilor cu obezitate, prin servicii adaptate pentru schimbarea stilului de via\u021b\u0103, \u00eencurajarea activit\u0103\u021bilor fizice \u0219i acces gratuit la psiholog av\u00e2nd \u00een vedere gradul crescut de stigmatizare cu care se confrunt\u0103.\u201d <\/em>a precizat <strong>Marinela Debu<\/strong>, pre\u0219edinta Asocia\u021biei Pacien\u021bilor cu Afec\u021biuni Hepatice din Rom\u00e2nia (APAH-RO)<\/p>\n<p style=\"text-align: justify;\">Obezitatea are \u0219i numeroase implica\u021bii \u00een cazul tulbur\u0103rilor endocrine, inclusiv diabetul, insulinomul, sindromul Cushing, hipotiroidismul, sindromul ovarian polichistic \u0219i deficitul de hormon de cre\u0219tere, iar mecanismele care stau la baza dezvolt\u0103rii obezit\u0103\u021bii variaz\u0103 \u00een func\u021bie de anomaliile func\u021biei endocrine<\/p>\n<p style=\"text-align: justify;\">\u201e<em>Pacien\u0163ii care sufer\u0103 de boli endocrine au \u00een general nevoie de \u00eengrijire multidisciplinar\u0103. \u00cens\u0103 c\u00e2nd vine vorba despre pacien\u021bii endocrini care tr\u0103iesc cu obezitate echipa multidisciplinar\u0103 este obligatorie. Cei care au multe kilograme \u00een plus fa\u021b\u0103 de greutatea normal\u0103 au nevoie de verific\u0103ri medicale endocrinologice, cardiologice, gastroenterologice de multe ori \u0219i reumatologice. \u00cen plus este necesar\u0103 sus\u021binerea din partea unui psiholog \u0219i a unui nutri\u021bionist deoarece, \u00een primul r\u00e2nd, se lovesc de stigmatizare, de judecata celor din jurul lor, f\u0103r\u0103 ca cei care judec\u0103 s\u0103 \u0219tie prin ce trec pacien\u021bii cu obezitate. Este dificil s\u0103-\u021bi p\u0103strezi echilibrul emo\u0163ional, s\u0103 respec\u021bi recomand\u0103rile medicilor \u0219i ale nutri\u0163ioni\u0219tilor f\u0103r\u0103 suportul, bl\u00e2nde\u021bea \u0219i compasiunea familiei, prietenilor \u0219i a cunoscu\u021bilor. \u00cen momentul \u00een care persoanele cu probleme de greutate sunt apostrofate se \u00eenchid \u00een ele, iar refugiul va fi aproape mereu \u00eentr-un exces alimentar. M\u00e2ncarea le va da alinare \u0219i mul\u021bumire, celelalte obiective precum o s\u0103n\u0103tate mai bun\u0103, dorin\u021ba de a se mi\u0219ca mai u\u0219or, de a se \u00eembr\u0103ca cu hainele care \u00een acel moment sunt mici, vor p\u0103li \u00een fa\u021ba m\u00e2nc\u0103rii. A\u015fadar, STOP STIGMATIZARE, DA empatie \u0219i compasiune pentru oamenii care se confrunt\u0103 cu problema obezit\u0103\u021bii\u201d, <\/em>a subliniat <strong>Adriana Turea<\/strong>, pre\u0219edinta Asocia\u021biei Pacien\u021bilor cu Boli Endocrine \u2013 ENDO Pacien\u021bi.<\/p>\n<p style=\"text-align: justify;\"><em> <a href=\"https:\/\/www.giurgiuveanul.ro\/stiri\/wp-content\/uploads\/2025\/03\/obed-2.jpeg\"><img loading=\"lazy\" decoding=\"async\" class=\"aligncenter  wp-image-112905\" src=\"https:\/\/www.giurgiuveanul.ro\/stiri\/wp-content\/uploads\/2025\/03\/obed-2-560x373.jpeg\" alt=\"\" width=\"713\" height=\"475\" srcset=\"https:\/\/www.giurgiuveanul.ro\/stiri\/wp-content\/uploads\/2025\/03\/obed-2-560x373.jpeg 560w, https:\/\/www.giurgiuveanul.ro\/stiri\/wp-content\/uploads\/2025\/03\/obed-2-250x167.jpeg 250w, https:\/\/www.giurgiuveanul.ro\/stiri\/wp-content\/uploads\/2025\/03\/obed-2-768x512.jpeg 768w, https:\/\/www.giurgiuveanul.ro\/stiri\/wp-content\/uploads\/2025\/03\/obed-2-400x267.jpeg 400w, https:\/\/www.giurgiuveanul.ro\/stiri\/wp-content\/uploads\/2025\/03\/obed-2.jpeg 1500w\" sizes=\"auto, (max-width: 713px) 100vw, 713px\" \/><\/a><\/em><\/p>\n<p style=\"text-align: justify;\"><strong>Ziua Mondial\u0103 a Obezit\u0103\u021bii<\/strong> \u00een Europa are loc \u00een fiecare an pe 4 martie \u0219i reune\u0219te comunit\u0103\u021bi din domeniul s\u0103n\u0103t\u0103\u021bii, pacien\u021bi \u0219i deciden\u021bi care doresc s\u0103 creasc\u0103 gradul de con\u0219tientizare privind obezitatea \u0219i impactul acesteia asupra multor alte afec\u021biuni. Aceast\u0103 ini\u021biativ\u0103 este sus\u021binut\u0103 de Coali\u021bia European\u0103 pentru Persoanele care Tr\u0103iesc cu Obezitate (ECPO) \u0219i se aliniaz\u0103 cu Ziua Mondial\u0103 a Obezit\u0103\u021bii, marcat\u0103 \u00een aceea\u0219i zi \u00een alte p\u0103r\u021bi ale lumii. Scopul ECPO pentru Ziua Mondial\u0103 a Obezit\u0103\u021bii Europa este de a spori cunoa\u0219terea \u0219i \u00een\u021belegerea necesit\u0103\u021bii de ac\u021biune la nivel european \u0219i na\u021bional pentru \u00eembun\u0103t\u0103\u021birea preven\u021biei, tratamentului \u0219i \u00eengrijirii obezit\u0103\u021bii.<\/p>\n<p style=\"text-align: justify;\"><strong>Ini\u021biativa de a marca Ziua Mondial\u0103 a Obezit\u0103\u021bii \u00een Rom\u00e2nia<\/strong> este a Asocia\u021biei \u00cempreun\u0103 \u00cempotriva Obezit\u0103\u021bii, \u00een parteneriat cu Asocia\u021bia Pacien\u021bilor cu Afec\u021biuni Hepatice din Rom\u00e2nia APAH-RO \u0219i Asocia\u0163ia Pacien\u0163ilor cu Boli Endocrine din Rom\u00e2nia ENDO Pacien\u021bi, cu sprijinul ECPO, Novo Nordisk \u0219i Lilly. Situa\u021bia este analizat\u0103 \u00eentr-o <a href=\"https:\/\/www.facebook.com\/events\/1293253115287469\">discu\u021bie live care poate fi urm\u0103rit\u0103 pe pagina de Facebook a Asocia\u021biei<\/a>.<\/p>\n<p style=\"text-align: justify;\"><strong>\u00a0<\/strong><\/p>\n<p style=\"text-align: left;\"><em><strong>APAH-RO (Asocia\u021bia Pacien\u021bilor cu Afec\u021biuni Hepatice din Rom\u00e2nia) <\/strong>este o organiza\u021bie neguvernamental\u0103, \u00eenfiin\u021bat\u0103 \u00een aprilie 2009, care militeaz\u0103 pentru cre\u0219terea depist\u0103rii precoce \u0219i accesului la tratamente pentru pacien\u021bii cu afec\u021biuni hepatice. Activit\u0103\u021bile principale ale APAH-RO includ lobby pentru accesul la tratament, informarea pacien\u021bilor \u0219i publicului larg \u0219i organizarea de evenimente pentru sensibilizarea opiniei publice privind importan\u021ba depist\u0103rii timpurii \u0219i respectarea recomand\u0103rilor medicale \u00een tratamentele hepatitelor cronice virale.<\/em><\/p>\n<p style=\"text-align: left;\"><em><strong>ENDO Pacien\u0163i \u2013 Asocia\u0163ia Pacien\u0163ilor cu Boli Endocrine<\/strong> la un an de la \u00eenfiin\u0163are: ENDO Pacien\u021bi &#8211; Asocia\u021bia Pacien\u021bilor cu Boli Endocrine a fost lansat\u0103 pe 16 octombrie 2023. Este rodul muncii a trei jurnali\u0219ti cu experien\u021b\u0103, specializa\u021bi pe domeniul s\u0103n\u0103t\u0103\u021bii: Adriana Turea, Dana Lascu \u0219i Alexandra M\u0103n\u0103il\u0103. Asocia\u021bia are drept scop promovarea, respectarea \u015fi garantarea drepturilor pacien\u0163ilor cu afec\u0163iuni endocrine din Rom\u00e2nia \u0219i acord\u0103 \u00eendrumare, sprijin, suport \u015fi ajutor at\u00e2t pentru ace\u0219tia, c\u00e2t \u015fi pentru familiile lor.<\/em><\/p>\n<p style=\"text-align: left;\"><em><strong>Asocia\u021bia \u00cempreun\u0103 \u00cempotriva Obezit\u0103\u021bii <\/strong>a ap\u0103rut din dorin\u021ba de a avea \u0219i \u00een Rom\u00e2nia o asocia\u021bie care s\u0103 comunice pe limba pacien\u021bilor informa\u021bii verificate medical despre obezitate \u0219i s\u0103 ajute persoanele care tr\u0103iesc cu obezitate s\u0103 g\u0103seasc\u0103 sprijin pentru un stil de via\u021b\u0103 s\u0103n\u0103tos. Asocia\u021bia \u00cempreun\u0103 \u00cempotriva Obezit\u0103\u021bii \u00ee\u0219i propune s\u0103 acopere o nevoie identificat\u0103 de comunicare despre obezitate \u00een Rom\u00e2nia \u0219i s\u0103 contribuie la cre\u0219terea gradului de informare despre obezitate ca boal\u0103 \u00een Rom\u00e2nia.<\/em><\/p>\n","protected":false},"excerpt":{"rendered":"<p>OBEZITATEA nu \u00eenseamn\u0103 doar kilograme \u00een exces. Este o boal\u0103 cronic\u0103 complex\u0103, cu implica\u021bii majore asupra<\/p>\n","protected":false},"author":1,"featured_media":0,"comment_status":"open","ping_status":"open","sticky":false,"template":"","format":"standard","meta":{"footnotes":""},"categories":[1],"tags":[],"class_list":["post-112901","post","type-post","status-publish","format-standard","hentry","category-actualitate"],"_links":{"self":[{"href":"https:\/\/www.giurgiuveanul.ro\/stiri\/wp-json\/wp\/v2\/posts\/112901","targetHints":{"allow":["GET"]}}],"collection":[{"href":"https:\/\/www.giurgiuveanul.ro\/stiri\/wp-json\/wp\/v2\/posts"}],"about":[{"href":"https:\/\/www.giurgiuveanul.ro\/stiri\/wp-json\/wp\/v2\/types\/post"}],"author":[{"embeddable":true,"href":"https:\/\/www.giurgiuveanul.ro\/stiri\/wp-json\/wp\/v2\/users\/1"}],"replies":[{"embeddable":true,"href":"https:\/\/www.giurgiuveanul.ro\/stiri\/wp-json\/wp\/v2\/comments?post=112901"}],"version-history":[{"count":4,"href":"https:\/\/www.giurgiuveanul.ro\/stiri\/wp-json\/wp\/v2\/posts\/112901\/revisions"}],"predecessor-version":[{"id":112907,"href":"https:\/\/www.giurgiuveanul.ro\/stiri\/wp-json\/wp\/v2\/posts\/112901\/revisions\/112907"}],"wp:attachment":[{"href":"https:\/\/www.giurgiuveanul.ro\/stiri\/wp-json\/wp\/v2\/media?parent=112901"}],"wp:term":[{"taxonomy":"category","embeddable":true,"href":"https:\/\/www.giurgiuveanul.ro\/stiri\/wp-json\/wp\/v2\/categories?post=112901"},{"taxonomy":"post_tag","embeddable":true,"href":"https:\/\/www.giurgiuveanul.ro\/stiri\/wp-json\/wp\/v2\/tags?post=112901"}],"curies":[{"name":"wp","href":"https:\/\/api.w.org\/{rel}","templated":true}]}}