{"id":113222,"date":"2025-03-14T08:59:55","date_gmt":"2025-03-14T06:59:55","guid":{"rendered":"https:\/\/www.giurgiuveanul.ro\/stiri\/?p=113222"},"modified":"2025-03-14T09:01:23","modified_gmt":"2025-03-14T07:01:23","slug":"isu-interventii-ale-pompierilor-giurgiuveni-in-timpul-codului-portocaliu-de-vijelie","status":"publish","type":"post","link":"https:\/\/www.giurgiuveanul.ro\/stiri\/isu-interventii-ale-pompierilor-giurgiuveni-in-timpul-codului-portocaliu-de-vijelie\/","title":{"rendered":"ISU. Interven\u0163ii ale pompierilor giurgiuveni \u00een timpul codului portocaliu de vijelie"},"content":{"rendered":"<p style=\"text-align: justify;\"><strong><a href=\"https:\/\/www.giurgiuveanul.ro\/stiri\/wp-content\/uploads\/2025\/03\/furtuna-1.jpg\"><img loading=\"lazy\" decoding=\"async\" class=\"aligncenter wp-image-113223\" src=\"https:\/\/www.giurgiuveanul.ro\/stiri\/wp-content\/uploads\/2025\/03\/furtuna-1-560x381.jpg\" alt=\"\" width=\"718\" height=\"489\" srcset=\"https:\/\/www.giurgiuveanul.ro\/stiri\/wp-content\/uploads\/2025\/03\/furtuna-1-560x381.jpg 560w, https:\/\/www.giurgiuveanul.ro\/stiri\/wp-content\/uploads\/2025\/03\/furtuna-1-250x170.jpg 250w, https:\/\/www.giurgiuveanul.ro\/stiri\/wp-content\/uploads\/2025\/03\/furtuna-1-768x522.jpg 768w, https:\/\/www.giurgiuveanul.ro\/stiri\/wp-content\/uploads\/2025\/03\/furtuna-1-400x272.jpg 400w, https:\/\/www.giurgiuveanul.ro\/stiri\/wp-content\/uploads\/2025\/03\/furtuna-1.jpg 900w\" sizes=\"auto, (max-width: 718px) 100vw, 718px\" \/><\/a>Pe timpul codului portocaliu de vijelie, pompierii din cadrul<!--more--> Punctului de Lucru C\u0103lug\u0103reni au fost solicita\u021bi s\u0103 intervin\u0103 pe DN5A, \u00eentre localita\u021bile Varlaam \u0219i Aduna\u021bii Cop\u0103ceni. Un copac a fost smuls din r\u0103d\u0103cin\u0103, bloc\u00e2nd circula\u021bia. Ace\u0219tia au intervenit cu accesoriile speciale din dotarea autospecialei de pompieri pentru a \u00eendep\u0103rta copacul de pe partea carosabil\u0103 &#8211; informeaz\u0103 ISU Giurgiu.<\/strong><\/p>\n<p style=\"text-align: justify;\"><a href=\"https:\/\/www.giurgiuveanul.ro\/stiri\/wp-content\/uploads\/2025\/03\/furtuna-2-scaled.jpg\"><img loading=\"lazy\" decoding=\"async\" class=\"aligncenter wp-image-113224\" src=\"https:\/\/www.giurgiuveanul.ro\/stiri\/wp-content\/uploads\/2025\/03\/furtuna-2-560x420.jpg\" alt=\"\" width=\"704\" height=\"528\" srcset=\"https:\/\/www.giurgiuveanul.ro\/stiri\/wp-content\/uploads\/2025\/03\/furtuna-2-560x420.jpg 560w, https:\/\/www.giurgiuveanul.ro\/stiri\/wp-content\/uploads\/2025\/03\/furtuna-2-250x188.jpg 250w, https:\/\/www.giurgiuveanul.ro\/stiri\/wp-content\/uploads\/2025\/03\/furtuna-2-768x576.jpg 768w, https:\/\/www.giurgiuveanul.ro\/stiri\/wp-content\/uploads\/2025\/03\/furtuna-2-1536x1152.jpg 1536w, https:\/\/www.giurgiuveanul.ro\/stiri\/wp-content\/uploads\/2025\/03\/furtuna-2-2048x1536.jpg 2048w, https:\/\/www.giurgiuveanul.ro\/stiri\/wp-content\/uploads\/2025\/03\/furtuna-2-400x300.jpg 400w\" sizes=\"auto, (max-width: 704px) 100vw, 704px\" \/><\/a><\/p>\n<p>V\u0103 reamintim faptul c\u0103 ieri, p\u00e2n\u0103 la ora 22:00, jude\u021bul Giurgiu s-a aflat sub inciden\u021ba unui cod galben de v\u00e2nt.<\/p>\n<p style=\"text-align: justify;\">Pentru a preveni situa\u021biile de urgen\u021b\u0103, recomand\u0103m cet\u0103\u021benilor respectarea urm\u0103toarelor m\u0103suri:<\/p>\n<p style=\"text-align: justify;\">\u2714 fi\u021bi pruden\u021bi atunci c\u00e2nd v\u0103 afla\u021bi pe strad\u0103 \u0219i evita\u021bi deplasarea \u00een zone cu panouri publicitare, copaci sau st\u00e2lpi de electricitate care ar putea fi dobor\u00e2\u021bi;<\/p>\n<p style=\"text-align: justify;\">\u2714 nu trece\u021bi prin dreptul cl\u0103dirilor aflate \u00een construc\u021bie sau care prezint\u0103 elemente arhitectonice ce pot fi smulse de v\u00e2nt \u0219i nu v\u0103 ad\u0103posti\u021bi aproape de construc\u021bii improvizate;<\/p>\n<p style=\"text-align: justify;\">\u2714 parca\u021bi autoturismele la distan\u021b\u0103 sigur\u0103 fa\u021b\u0103 de copaci sau st\u00e2lpi de electricitate;<\/p>\n<p style=\"text-align: justify;\">\u2714 \u00eendep\u0103rta\u021bi copacii sau ramurile uscate care, pe timpul unei furtuni, ar putea c\u0103dea \u015fi provoca victime sau pagube materiale;<\/p>\n<p style=\"text-align: justify;\">\u2714 nu atinge\u021bi firele c\u0103zute la p\u0103m\u00e2nt.<\/p>\n<p style=\"text-align: justify;\">\u00cen condi\u021bii de v\u00e2nt puternic, folosirea focului deschis \u00een gospod\u0103rii este foarte periculoas\u0103, fiind interzis\u0103. V\u00e2ntul poate propaga focul \u00eentr-un timp foarte scurt la locuin\u021be, anexe gospod\u0103re\u0219ti, p\u0103duri, re\u021bele de electricitate etc.<\/p>\n<p style=\"text-align: justify;\">\u00cen situa\u021bii de urgen\u021b\u0103, care v\u0103 pun \u00een pericol via\u021ba sau bunurile, suna\u021bi la 112!<\/p>\n<p style=\"text-align: justify;\">\u00cen continuare, pompierii militari r\u0103m\u00e2n mobiliza\u021bi, 24 de ore din 24, pentru gestionarea operativ\u0103 a situa\u0163iilor de urgen\u0163\u0103 \u015fi acordarea primului ajutor medical specializat persoanelor aflate \u00een dificultate.<\/p>\n<p style=\"text-align: justify;\">Evenimentele \u00eenregistrate la nivel jude\u021bean r\u0103m\u00e2n \u00een aten\u021bia Centrului Opera\u021bional, pentru dispunerea imediat\u0103 a m\u0103surilor menite s\u0103 asigure optimizarea misiunilor de r\u0103spuns orientate spre salvarea de vie\u021bi.<\/p>\n<p style=\"text-align: justify;\">Informa\u021bii despre modul de comportare \u00een cazul producerii unor situa\u021bii de urgen\u021b\u0103 pot fi ob\u021binute prin accesarea platformei na\u021bionale de preg\u0103tire \u00een situa\u021bii de urgen\u021b\u0103 https:\/\/fiipregatit.ro.<\/p>\n","protected":false},"excerpt":{"rendered":"<p>Pe timpul codului portocaliu de vijelie, pompierii din cadrul<\/p>\n","protected":false},"author":1,"featured_media":0,"comment_status":"open","ping_status":"open","sticky":false,"template":"","format":"standard","meta":{"footnotes":""},"categories":[1],"tags":[],"class_list":["post-113222","post","type-post","status-publish","format-standard","hentry","category-actualitate"],"_links":{"self":[{"href":"https:\/\/www.giurgiuveanul.ro\/stiri\/wp-json\/wp\/v2\/posts\/113222","targetHints":{"allow":["GET"]}}],"collection":[{"href":"https:\/\/www.giurgiuveanul.ro\/stiri\/wp-json\/wp\/v2\/posts"}],"about":[{"href":"https:\/\/www.giurgiuveanul.ro\/stiri\/wp-json\/wp\/v2\/types\/post"}],"author":[{"embeddable":true,"href":"https:\/\/www.giurgiuveanul.ro\/stiri\/wp-json\/wp\/v2\/users\/1"}],"replies":[{"embeddable":true,"href":"https:\/\/www.giurgiuveanul.ro\/stiri\/wp-json\/wp\/v2\/comments?post=113222"}],"version-history":[{"count":3,"href":"https:\/\/www.giurgiuveanul.ro\/stiri\/wp-json\/wp\/v2\/posts\/113222\/revisions"}],"predecessor-version":[{"id":113227,"href":"https:\/\/www.giurgiuveanul.ro\/stiri\/wp-json\/wp\/v2\/posts\/113222\/revisions\/113227"}],"wp:attachment":[{"href":"https:\/\/www.giurgiuveanul.ro\/stiri\/wp-json\/wp\/v2\/media?parent=113222"}],"wp:term":[{"taxonomy":"category","embeddable":true,"href":"https:\/\/www.giurgiuveanul.ro\/stiri\/wp-json\/wp\/v2\/categories?post=113222"},{"taxonomy":"post_tag","embeddable":true,"href":"https:\/\/www.giurgiuveanul.ro\/stiri\/wp-json\/wp\/v2\/tags?post=113222"}],"curies":[{"name":"wp","href":"https:\/\/api.w.org\/{rel}","templated":true}]}}