{"id":113404,"date":"2025-03-20T13:59:22","date_gmt":"2025-03-20T11:59:22","guid":{"rendered":"https:\/\/www.giurgiuveanul.ro\/stiri\/?p=113404"},"modified":"2025-03-20T14:28:25","modified_gmt":"2025-03-20T12:28:25","slug":"in-memoriam-mario-florin-gogoase-15-ani-de-dor-nemarginit","status":"publish","type":"post","link":"https:\/\/www.giurgiuveanul.ro\/stiri\/in-memoriam-mario-florin-gogoase-15-ani-de-dor-nemarginit\/","title":{"rendered":"In Memoriam Mario Florin &#8211; 15 ani de dor nem\u0103rginit"},"content":{"rendered":"<p style=\"text-align: justify;\"><a href=\"https:\/\/www.giurgiuveanul.ro\/stiri\/wp-content\/uploads\/2025\/03\/MARIO_FLORIN-removebg-preview.jpg\"><img loading=\"lazy\" decoding=\"async\" class=\"aligncenter wp-image-113405\" src=\"https:\/\/www.giurgiuveanul.ro\/stiri\/wp-content\/uploads\/2025\/03\/MARIO_FLORIN-removebg-preview-560x387.jpg\" alt=\"\" width=\"728\" height=\"503\" srcset=\"https:\/\/www.giurgiuveanul.ro\/stiri\/wp-content\/uploads\/2025\/03\/MARIO_FLORIN-removebg-preview-560x387.jpg 560w, https:\/\/www.giurgiuveanul.ro\/stiri\/wp-content\/uploads\/2025\/03\/MARIO_FLORIN-removebg-preview-250x173.jpg 250w, https:\/\/www.giurgiuveanul.ro\/stiri\/wp-content\/uploads\/2025\/03\/MARIO_FLORIN-removebg-preview-768x530.jpg 768w, https:\/\/www.giurgiuveanul.ro\/stiri\/wp-content\/uploads\/2025\/03\/MARIO_FLORIN-removebg-preview-400x276.jpg 400w, https:\/\/www.giurgiuveanul.ro\/stiri\/wp-content\/uploads\/2025\/03\/MARIO_FLORIN-removebg-preview.jpg 772w\" sizes=\"auto, (max-width: 728px) 100vw, 728px\" \/><\/a>Lacrimile se mistuie \u00een suspine, sufletele se pierd \u00een durere, iar<!--more--> dorul nestins r\u0103m\u00e2ne o ran\u0103 deschis\u0103 \u00een inimile noastre\u2026 <strong>Au trecut 15 ani de c\u00e2nd ai plecat dintre noi, dragul nostru, Mario Florin, l\u0103s\u00e2nd \u00een urm\u0103 doar amintiri \u0219i un gol imens.<\/strong><\/p>\n<p style=\"text-align: justify;\">Ai fost un suflet luminos, un t\u00e2n\u0103r plin de via\u021b\u0103, cu visuri ne\u00eemplinite \u0219i drumuri neterminate. La doar <strong>21 de ani<\/strong>, soarta nemiloas\u0103 te-a smuls din mijlocul nostru, l\u0103s\u00e2ndu-ne neputincio\u0219i \u00een fa\u021ba unui destin nedrept.<\/p>\n<p style=\"text-align: justify;\">Ne rug\u0103m bunului Dumnezeu s\u0103-\u021bi fie somnul de veci lin \u0219i lini\u0219tit, s\u0103-\u021bi d\u0103ruiasc\u0103 odihn\u0103 ve\u0219nic\u0103 \u0219i lumin\u0103 ne\u00eentrerupt\u0103 \u00een \u00eemp\u0103r\u0103\u021bia Sa.<\/p>\n<p style=\"text-align: justify;\">Te c\u0103ut\u0103m \u00een amintiri, \u00een vise, \u00een fiecare raz\u0103 de soare \u0219i adiere de v\u00e2nt\u2026 Dar cel mai mult, te purt\u0103m mereu \u00een inimile noastre.<\/p>\n<p style=\"text-align: justify;\">\u00cen veci nem\u00e2ng\u00e2iat\u0103,<\/p>\n<p style=\"text-align: justify;\">Familia<\/p>\n","protected":false},"excerpt":{"rendered":"<p>Lacrimile se mistuie \u00een suspine, sufletele se pierd \u00een durere, iar<\/p>\n","protected":false},"author":1,"featured_media":0,"comment_status":"open","ping_status":"open","sticky":false,"template":"","format":"standard","meta":{"footnotes":""},"categories":[78],"tags":[],"class_list":["post-113404","post","type-post","status-publish","format-standard","hentry","category-comemorare"],"_links":{"self":[{"href":"https:\/\/www.giurgiuveanul.ro\/stiri\/wp-json\/wp\/v2\/posts\/113404","targetHints":{"allow":["GET"]}}],"collection":[{"href":"https:\/\/www.giurgiuveanul.ro\/stiri\/wp-json\/wp\/v2\/posts"}],"about":[{"href":"https:\/\/www.giurgiuveanul.ro\/stiri\/wp-json\/wp\/v2\/types\/post"}],"author":[{"embeddable":true,"href":"https:\/\/www.giurgiuveanul.ro\/stiri\/wp-json\/wp\/v2\/users\/1"}],"replies":[{"embeddable":true,"href":"https:\/\/www.giurgiuveanul.ro\/stiri\/wp-json\/wp\/v2\/comments?post=113404"}],"version-history":[{"count":3,"href":"https:\/\/www.giurgiuveanul.ro\/stiri\/wp-json\/wp\/v2\/posts\/113404\/revisions"}],"predecessor-version":[{"id":113408,"href":"https:\/\/www.giurgiuveanul.ro\/stiri\/wp-json\/wp\/v2\/posts\/113404\/revisions\/113408"}],"wp:attachment":[{"href":"https:\/\/www.giurgiuveanul.ro\/stiri\/wp-json\/wp\/v2\/media?parent=113404"}],"wp:term":[{"taxonomy":"category","embeddable":true,"href":"https:\/\/www.giurgiuveanul.ro\/stiri\/wp-json\/wp\/v2\/categories?post=113404"},{"taxonomy":"post_tag","embeddable":true,"href":"https:\/\/www.giurgiuveanul.ro\/stiri\/wp-json\/wp\/v2\/tags?post=113404"}],"curies":[{"name":"wp","href":"https:\/\/api.w.org\/{rel}","templated":true}]}}