{"id":113464,"date":"2025-03-23T14:50:30","date_gmt":"2025-03-23T12:50:30","guid":{"rendered":"https:\/\/www.giurgiuveanul.ro\/stiri\/?p=113464"},"modified":"2025-03-23T14:53:11","modified_gmt":"2025-03-23T12:53:11","slug":"jean-jipa-fostul-primar-al-comunei-ogrezeni-condus-pe-ultimul-drum-de-sute-de-oameni","status":"publish","type":"post","link":"https:\/\/www.giurgiuveanul.ro\/stiri\/jean-jipa-fostul-primar-al-comunei-ogrezeni-condus-pe-ultimul-drum-de-sute-de-oameni\/","title":{"rendered":"Jean Jipa, fostul primar al comunei Ogrezeni, condus pe ultimul drum de sute de oameni&#8230;"},"content":{"rendered":"<p style=\"text-align: justify;\"><a href=\"https:\/\/www.giurgiuveanul.ro\/stiri\/wp-content\/uploads\/2025\/03\/JIPA-1.jpg\"><img loading=\"lazy\" decoding=\"async\" class=\"aligncenter wp-image-113465\" src=\"https:\/\/www.giurgiuveanul.ro\/stiri\/wp-content\/uploads\/2025\/03\/JIPA-1-560x420.jpg\" alt=\"\" width=\"709\" height=\"532\" srcset=\"https:\/\/www.giurgiuveanul.ro\/stiri\/wp-content\/uploads\/2025\/03\/JIPA-1-560x420.jpg 560w, https:\/\/www.giurgiuveanul.ro\/stiri\/wp-content\/uploads\/2025\/03\/JIPA-1-250x188.jpg 250w, https:\/\/www.giurgiuveanul.ro\/stiri\/wp-content\/uploads\/2025\/03\/JIPA-1-768x576.jpg 768w, https:\/\/www.giurgiuveanul.ro\/stiri\/wp-content\/uploads\/2025\/03\/JIPA-1-400x300.jpg 400w, https:\/\/www.giurgiuveanul.ro\/stiri\/wp-content\/uploads\/2025\/03\/JIPA-1.jpg 960w\" sizes=\"auto, (max-width: 709px) 100vw, 709px\" \/><\/a>Ieri, comunitatea din Ogrezeni \u0219i<!--more--> numero\u0219i oameni care l-au cunoscut \u0219i apreciat pe Jean Jipa, fostul primar al comunei, s-au adunat pentru a-i aduce un ultim omagiu. \u00cenmorm\u00e2ntarea a avut loc \u00een cimitirul din B\u0103l\u0103\u0219oieni, satul s\u0103u natal, iar slujba religioas\u0103 a fost oficiat\u0103 de <strong>Preasfin\u021bitul P\u0103rinte Dr. Ambrozie,<\/strong> Episcopul Giurgiului, \u00eenconjurat de un impresionant sobor de preo\u021bi \u0219i diaconi.<\/p>\n<p><a href=\"https:\/\/www.giurgiuveanul.ro\/stiri\/wp-content\/uploads\/2025\/03\/JIPA-3.jpg\"><img loading=\"lazy\" decoding=\"async\" class=\"aligncenter  wp-image-113467\" src=\"https:\/\/www.giurgiuveanul.ro\/stiri\/wp-content\/uploads\/2025\/03\/JIPA-3-560x405.jpg\" alt=\"\" width=\"709\" height=\"512\" srcset=\"https:\/\/www.giurgiuveanul.ro\/stiri\/wp-content\/uploads\/2025\/03\/JIPA-3-560x405.jpg 560w, https:\/\/www.giurgiuveanul.ro\/stiri\/wp-content\/uploads\/2025\/03\/JIPA-3-250x181.jpg 250w, https:\/\/www.giurgiuveanul.ro\/stiri\/wp-content\/uploads\/2025\/03\/JIPA-3-768x555.jpg 768w, https:\/\/www.giurgiuveanul.ro\/stiri\/wp-content\/uploads\/2025\/03\/JIPA-3-400x289.jpg 400w, https:\/\/www.giurgiuveanul.ro\/stiri\/wp-content\/uploads\/2025\/03\/JIPA-3.jpg 931w\" sizes=\"auto, (max-width: 709px) 100vw, 709px\" \/><\/a> <a href=\"https:\/\/www.giurgiuveanul.ro\/stiri\/wp-content\/uploads\/2025\/03\/JIPA-4.jpg\"><img loading=\"lazy\" decoding=\"async\" class=\"aligncenter  wp-image-113468\" src=\"https:\/\/www.giurgiuveanul.ro\/stiri\/wp-content\/uploads\/2025\/03\/JIPA-4-412x450.jpg\" alt=\"\" width=\"704\" height=\"769\" srcset=\"https:\/\/www.giurgiuveanul.ro\/stiri\/wp-content\/uploads\/2025\/03\/JIPA-4-412x450.jpg 412w, https:\/\/www.giurgiuveanul.ro\/stiri\/wp-content\/uploads\/2025\/03\/JIPA-4-250x273.jpg 250w, https:\/\/www.giurgiuveanul.ro\/stiri\/wp-content\/uploads\/2025\/03\/JIPA-4-768x840.jpg 768w, https:\/\/www.giurgiuveanul.ro\/stiri\/wp-content\/uploads\/2025\/03\/JIPA-4-400x437.jpg 400w, https:\/\/www.giurgiuveanul.ro\/stiri\/wp-content\/uploads\/2025\/03\/JIPA-4.jpg 823w\" sizes=\"auto, (max-width: 704px) 100vw, 704px\" \/><\/a> <a href=\"https:\/\/www.giurgiuveanul.ro\/stiri\/wp-content\/uploads\/2025\/03\/jipa-6.jpg\"><img loading=\"lazy\" decoding=\"async\" class=\"aligncenter  wp-image-113469\" src=\"https:\/\/www.giurgiuveanul.ro\/stiri\/wp-content\/uploads\/2025\/03\/jipa-6-560x331.jpg\" alt=\"\" width=\"699\" height=\"413\" srcset=\"https:\/\/www.giurgiuveanul.ro\/stiri\/wp-content\/uploads\/2025\/03\/jipa-6-560x331.jpg 560w, https:\/\/www.giurgiuveanul.ro\/stiri\/wp-content\/uploads\/2025\/03\/jipa-6-250x148.jpg 250w, https:\/\/www.giurgiuveanul.ro\/stiri\/wp-content\/uploads\/2025\/03\/jipa-6-768x454.jpg 768w, https:\/\/www.giurgiuveanul.ro\/stiri\/wp-content\/uploads\/2025\/03\/jipa-6-400x237.jpg 400w, https:\/\/www.giurgiuveanul.ro\/stiri\/wp-content\/uploads\/2025\/03\/jipa-6.jpg 1422w\" sizes=\"auto, (max-width: 699px) 100vw, 699px\" \/><\/a> <a href=\"https:\/\/www.giurgiuveanul.ro\/stiri\/wp-content\/uploads\/2025\/03\/JIPA-7.jpg\"><img loading=\"lazy\" decoding=\"async\" class=\"aligncenter  wp-image-113470\" src=\"https:\/\/www.giurgiuveanul.ro\/stiri\/wp-content\/uploads\/2025\/03\/JIPA-7-560x331.jpg\" alt=\"\" width=\"695\" height=\"411\" srcset=\"https:\/\/www.giurgiuveanul.ro\/stiri\/wp-content\/uploads\/2025\/03\/JIPA-7-560x331.jpg 560w, https:\/\/www.giurgiuveanul.ro\/stiri\/wp-content\/uploads\/2025\/03\/JIPA-7-250x148.jpg 250w, https:\/\/www.giurgiuveanul.ro\/stiri\/wp-content\/uploads\/2025\/03\/JIPA-7-768x454.jpg 768w, https:\/\/www.giurgiuveanul.ro\/stiri\/wp-content\/uploads\/2025\/03\/JIPA-7-400x236.jpg 400w, https:\/\/www.giurgiuveanul.ro\/stiri\/wp-content\/uploads\/2025\/03\/JIPA-7.jpg 914w\" sizes=\"auto, (max-width: 695px) 100vw, 695px\" \/><\/a><\/p>\n<p style=\"text-align: justify;\">O mare de oameni a fost prezent\u0103 la ceremonia funerar\u0103, dovedind respectul \u0219i aprecierea pe care Jean Jipa le-a c\u00e2\u0219tigat de-a lungul vie\u021bii sale. Fost edil al comunei Ogrezeni, acesta a fost cunoscut drept un om devotat comunit\u0103\u021bii \u0219i un lider care a luptat pentru binele locuitorilor s\u0103i.<\/p>\n<p><a href=\"https:\/\/www.giurgiuveanul.ro\/stiri\/wp-content\/uploads\/2025\/03\/JIPA-8.jpg\"><img loading=\"lazy\" decoding=\"async\" class=\"aligncenter  wp-image-113472\" src=\"https:\/\/www.giurgiuveanul.ro\/stiri\/wp-content\/uploads\/2025\/03\/JIPA-8-560x420.jpg\" alt=\"\" width=\"697\" height=\"523\" srcset=\"https:\/\/www.giurgiuveanul.ro\/stiri\/wp-content\/uploads\/2025\/03\/JIPA-8-560x420.jpg 560w, https:\/\/www.giurgiuveanul.ro\/stiri\/wp-content\/uploads\/2025\/03\/JIPA-8-250x188.jpg 250w, https:\/\/www.giurgiuveanul.ro\/stiri\/wp-content\/uploads\/2025\/03\/JIPA-8-768x576.jpg 768w, https:\/\/www.giurgiuveanul.ro\/stiri\/wp-content\/uploads\/2025\/03\/JIPA-8-400x300.jpg 400w, https:\/\/www.giurgiuveanul.ro\/stiri\/wp-content\/uploads\/2025\/03\/JIPA-8.jpg 960w\" sizes=\"auto, (max-width: 697px) 100vw, 697px\" \/><\/a><\/p>\n<p style=\"text-align: justify;\">Familia \u00eendurerat\u0103, prietenii, fo\u0219ti colegi \u0219i oameni simpli care l-au cunoscut \u0219i respectat au venit s\u0103-\u0219i ia r\u0103mas-bun \u0219i s\u0103-i mul\u021bumeasc\u0103 pentru tot ceea ce a f\u0103cut \u00een timpul vie\u021bii sale. Lacrimi, durere \u0219i cuvinte de alinare au \u00eenso\u021bit momentul solemn, iar mul\u021bi dintre cei prezen\u021bi \u0219i-au exprimat regretul pentru pierderea unui om care a l\u0103sat o amprent\u0103 important\u0103 asupra comunei.<\/p>\n<p><a href=\"https:\/\/www.giurgiuveanul.ro\/stiri\/wp-content\/uploads\/2025\/03\/jean-jipa-alb-negru.jpg\"><img loading=\"lazy\" decoding=\"async\" class=\"aligncenter  wp-image-113473\" src=\"https:\/\/www.giurgiuveanul.ro\/stiri\/wp-content\/uploads\/2025\/03\/jean-jipa-alb-negru-533x450.jpg\" alt=\"\" width=\"699\" height=\"590\" srcset=\"https:\/\/www.giurgiuveanul.ro\/stiri\/wp-content\/uploads\/2025\/03\/jean-jipa-alb-negru-533x450.jpg 533w, https:\/\/www.giurgiuveanul.ro\/stiri\/wp-content\/uploads\/2025\/03\/jean-jipa-alb-negru-250x211.jpg 250w, https:\/\/www.giurgiuveanul.ro\/stiri\/wp-content\/uploads\/2025\/03\/jean-jipa-alb-negru-768x649.jpg 768w, https:\/\/www.giurgiuveanul.ro\/stiri\/wp-content\/uploads\/2025\/03\/jean-jipa-alb-negru-400x338.jpg 400w, https:\/\/www.giurgiuveanul.ro\/stiri\/wp-content\/uploads\/2025\/03\/jean-jipa-alb-negru.jpg 800w\" sizes=\"auto, (max-width: 699px) 100vw, 699px\" \/><\/a><\/p>\n<p style=\"text-align: justify;\"><em>Dumnezeu s\u0103-l odihneasc\u0103 \u00een pace! Condolean\u021be familiei \u00eendoliate!<\/em><\/p>\n","protected":false},"excerpt":{"rendered":"<p>Ieri, comunitatea din Ogrezeni \u0219i<\/p>\n","protected":false},"author":1,"featured_media":0,"comment_status":"open","ping_status":"open","sticky":false,"template":"","format":"standard","meta":{"footnotes":""},"categories":[1],"tags":[],"class_list":["post-113464","post","type-post","status-publish","format-standard","hentry","category-actualitate"],"_links":{"self":[{"href":"https:\/\/www.giurgiuveanul.ro\/stiri\/wp-json\/wp\/v2\/posts\/113464","targetHints":{"allow":["GET"]}}],"collection":[{"href":"https:\/\/www.giurgiuveanul.ro\/stiri\/wp-json\/wp\/v2\/posts"}],"about":[{"href":"https:\/\/www.giurgiuveanul.ro\/stiri\/wp-json\/wp\/v2\/types\/post"}],"author":[{"embeddable":true,"href":"https:\/\/www.giurgiuveanul.ro\/stiri\/wp-json\/wp\/v2\/users\/1"}],"replies":[{"embeddable":true,"href":"https:\/\/www.giurgiuveanul.ro\/stiri\/wp-json\/wp\/v2\/comments?post=113464"}],"version-history":[{"count":3,"href":"https:\/\/www.giurgiuveanul.ro\/stiri\/wp-json\/wp\/v2\/posts\/113464\/revisions"}],"predecessor-version":[{"id":113474,"href":"https:\/\/www.giurgiuveanul.ro\/stiri\/wp-json\/wp\/v2\/posts\/113464\/revisions\/113474"}],"wp:attachment":[{"href":"https:\/\/www.giurgiuveanul.ro\/stiri\/wp-json\/wp\/v2\/media?parent=113464"}],"wp:term":[{"taxonomy":"category","embeddable":true,"href":"https:\/\/www.giurgiuveanul.ro\/stiri\/wp-json\/wp\/v2\/categories?post=113464"},{"taxonomy":"post_tag","embeddable":true,"href":"https:\/\/www.giurgiuveanul.ro\/stiri\/wp-json\/wp\/v2\/tags?post=113464"}],"curies":[{"name":"wp","href":"https:\/\/api.w.org\/{rel}","templated":true}]}}