{"id":113576,"date":"2025-03-27T14:00:31","date_gmt":"2025-03-27T12:00:31","guid":{"rendered":"https:\/\/www.giurgiuveanul.ro\/stiri\/?p=113576"},"modified":"2025-03-27T14:00:31","modified_gmt":"2025-03-27T12:00:31","slug":"astazi-e-ziua-ta-la-multi-ani-domnule-primar-marian-patuleanu-5","status":"publish","type":"post","link":"https:\/\/www.giurgiuveanul.ro\/stiri\/astazi-e-ziua-ta-la-multi-ani-domnule-primar-marian-patuleanu-5\/","title":{"rendered":"Ast\u0103zi e ziua ta: La Mul\u021bi Ani, domnule primar Marian P\u0103tuleanu!"},"content":{"rendered":"<p style=\"text-align: justify;\"><a href=\"https:\/\/www.giurgiuveanul.ro\/stiri\/wp-content\/uploads\/2025\/03\/00-MARIAN-PATULEANU-CU-FAMILIA.jpg\"><img loading=\"lazy\" decoding=\"async\" class=\"aligncenter  wp-image-113577\" src=\"https:\/\/www.giurgiuveanul.ro\/stiri\/wp-content\/uploads\/2025\/03\/00-MARIAN-PATULEANU-CU-FAMILIA-509x450.jpg\" alt=\"\" width=\"576\" height=\"509\" srcset=\"https:\/\/www.giurgiuveanul.ro\/stiri\/wp-content\/uploads\/2025\/03\/00-MARIAN-PATULEANU-CU-FAMILIA-509x450.jpg 509w, https:\/\/www.giurgiuveanul.ro\/stiri\/wp-content\/uploads\/2025\/03\/00-MARIAN-PATULEANU-CU-FAMILIA-250x221.jpg 250w, https:\/\/www.giurgiuveanul.ro\/stiri\/wp-content\/uploads\/2025\/03\/00-MARIAN-PATULEANU-CU-FAMILIA-768x678.jpg 768w, https:\/\/www.giurgiuveanul.ro\/stiri\/wp-content\/uploads\/2025\/03\/00-MARIAN-PATULEANU-CU-FAMILIA-400x353.jpg 400w, https:\/\/www.giurgiuveanul.ro\/stiri\/wp-content\/uploads\/2025\/03\/00-MARIAN-PATULEANU-CU-FAMILIA.jpg 1200w\" sizes=\"auto, (max-width: 576px) 100vw, 576px\" \/><\/a>Ast\u0103zi este o zi deosebit\u0103 pentru domnul primar Marian P\u0103tuleanu, care \u00eempline\u0219te<!--more--> frumoasa v\u00e2rst\u0103 de 55 de ani. Ne al\u0103tur\u0103m familiei, colegilor din prim\u0103rie, rudelor \u0219i tuturor celor care \u00eel apreciaz\u0103, pentru a-i transmite cele mai sincere ur\u0103ri de s\u0103n\u0103tate, bucurii \u0219i \u00eempliniri!<\/p>\n<p style=\"text-align: justify;\">Prin devotamentul \u0219i munca sa, domnul primar a reu\u0219it s\u0103-\u0219i lase o amprent\u0103 puternic\u0103 asupra comunei Singureni, demonstr\u00e2nd c\u0103 un gospodar adev\u0103rat se vede prin faptele sale.<\/p>\n<p style=\"text-align: justify;\"><em>La mul\u021bi ani, domnule primar! S\u0103 ave\u021bi parte de ani rodnici, plini de realiz\u0103ri \u0219i satisfac\u021bii!<\/em><\/p>\n","protected":false},"excerpt":{"rendered":"<p>Ast\u0103zi este o zi deosebit\u0103 pentru domnul primar Marian P\u0103tuleanu, care \u00eempline\u0219te<\/p>\n","protected":false},"author":1,"featured_media":0,"comment_status":"open","ping_status":"open","sticky":false,"template":"","format":"standard","meta":{"footnotes":""},"categories":[16],"tags":[],"class_list":["post-113576","post","type-post","status-publish","format-standard","hentry","category-astazi-e-ziua-ta"],"_links":{"self":[{"href":"https:\/\/www.giurgiuveanul.ro\/stiri\/wp-json\/wp\/v2\/posts\/113576","targetHints":{"allow":["GET"]}}],"collection":[{"href":"https:\/\/www.giurgiuveanul.ro\/stiri\/wp-json\/wp\/v2\/posts"}],"about":[{"href":"https:\/\/www.giurgiuveanul.ro\/stiri\/wp-json\/wp\/v2\/types\/post"}],"author":[{"embeddable":true,"href":"https:\/\/www.giurgiuveanul.ro\/stiri\/wp-json\/wp\/v2\/users\/1"}],"replies":[{"embeddable":true,"href":"https:\/\/www.giurgiuveanul.ro\/stiri\/wp-json\/wp\/v2\/comments?post=113576"}],"version-history":[{"count":1,"href":"https:\/\/www.giurgiuveanul.ro\/stiri\/wp-json\/wp\/v2\/posts\/113576\/revisions"}],"predecessor-version":[{"id":113578,"href":"https:\/\/www.giurgiuveanul.ro\/stiri\/wp-json\/wp\/v2\/posts\/113576\/revisions\/113578"}],"wp:attachment":[{"href":"https:\/\/www.giurgiuveanul.ro\/stiri\/wp-json\/wp\/v2\/media?parent=113576"}],"wp:term":[{"taxonomy":"category","embeddable":true,"href":"https:\/\/www.giurgiuveanul.ro\/stiri\/wp-json\/wp\/v2\/categories?post=113576"},{"taxonomy":"post_tag","embeddable":true,"href":"https:\/\/www.giurgiuveanul.ro\/stiri\/wp-json\/wp\/v2\/tags?post=113576"}],"curies":[{"name":"wp","href":"https:\/\/api.w.org\/{rel}","templated":true}]}}