{"id":113723,"date":"2025-04-02T15:15:48","date_gmt":"2025-04-02T12:15:48","guid":{"rendered":"https:\/\/www.giurgiuveanul.ro\/stiri\/?p=113723"},"modified":"2025-04-02T15:15:48","modified_gmt":"2025-04-02T12:15:48","slug":"programul-de-granturi-nerambursabile-comunitatile-padurii-de-maine-incepe-a-patra-editie-granturi-intre-3-000-si-30-000-de-euro","status":"publish","type":"post","link":"https:\/\/www.giurgiuveanul.ro\/stiri\/programul-de-granturi-nerambursabile-comunitatile-padurii-de-maine-incepe-a-patra-editie-granturi-intre-3-000-si-30-000-de-euro\/","title":{"rendered":"Programul de granturi nerambursabile Comunit\u0103\u021bile P\u0103durii de M\u00e2ine \u00eencepe a patra edi\u021bie: granturi \u00eentre 3.000 \u0219i 30.000 de Euro"},"content":{"rendered":"<p style=\"text-align: justify;\"><a href=\"https:\/\/www.giurgiuveanul.ro\/stiri\/wp-content\/uploads\/2025\/04\/00-padurea-de-maine.jpeg\"><img loading=\"lazy\" decoding=\"async\" class=\"aligncenter  wp-image-113724\" src=\"https:\/\/www.giurgiuveanul.ro\/stiri\/wp-content\/uploads\/2025\/04\/00-padurea-de-maine-560x373.jpeg\" alt=\"\" width=\"805\" height=\"536\" srcset=\"https:\/\/www.giurgiuveanul.ro\/stiri\/wp-content\/uploads\/2025\/04\/00-padurea-de-maine-560x373.jpeg 560w, https:\/\/www.giurgiuveanul.ro\/stiri\/wp-content\/uploads\/2025\/04\/00-padurea-de-maine-250x167.jpeg 250w, https:\/\/www.giurgiuveanul.ro\/stiri\/wp-content\/uploads\/2025\/04\/00-padurea-de-maine-768x512.jpeg 768w, https:\/\/www.giurgiuveanul.ro\/stiri\/wp-content\/uploads\/2025\/04\/00-padurea-de-maine-400x267.jpeg 400w, https:\/\/www.giurgiuveanul.ro\/stiri\/wp-content\/uploads\/2025\/04\/00-padurea-de-maine.jpeg 1280w\" sizes=\"auto, (max-width: 805px) 100vw, 805px\" \/><\/a>Funda\u021bia P\u0103durea de M\u00e2ine anun\u021b\u0103<!--more--> deschiderea unei noi runde de finan\u021b\u0103ri nerambursabile \u00een cadrul programului Comunit\u0103\u021bile P\u0103durii de M\u00e2ine. Pentru anul 2025, bugetul alocat este de 150.000 de Euro, iar granturile pot ajunge la 30.000 de Euro pentru un proiect. Proiectele pot fi depuse p\u00e2n\u0103 pe 15 mai 2025.<\/p>\n<p style=\"text-align: justify;\">A patra edi\u021bie a programului de granturi Comunit\u0103\u021bile P\u0103durii de M\u00e2ine debuteaz\u0103 pe 1 aprilie 2025. Programul urm\u0103re\u0219te s\u0103 stimuleze dezvoltarea durabil\u0103 a comunit\u0103\u021bilor care depind de p\u0103dure din Rom\u00e2nia.<\/p>\n<p style=\"text-align: justify;\">\u201e<em>Programul Comunit\u0103\u021bile P\u0103durii de M\u00e2ine a demonstrat, edi\u021bie dup\u0103 edi\u021bie, c\u00e2t de mult pot conta ideile bine g\u00e2ndite \u0219i eforturile sus\u021binute, iar prin acest program vrem s\u0103 fim parteneri ai celor care fac diferen\u021ba,<\/em>\u201d a spus Mihai Caradaic\u0103, directorul executiv al Funda\u021biei P\u0103durea de M\u00e2ine. \u201e<em>Lans\u0103m acum cea de-a patra edi\u021bie cu dorin\u021ba de a descoperi \u0219i sprijini proiecte care contribuie la un viitor sustenabil, prin solu\u021bii inovatoare \u0219i colaborare local\u0103. Prin acest program, ne dorim s\u0103 fim al\u0103turi de cei care transform\u0103 viziunea \u00een ac\u021biuni concrete, cu impact real asupra oamenilor \u0219i mediului.<\/em>\u201d<\/p>\n<p style=\"text-align: justify;\"><strong>Coordonatele edi\u021biei 2025<\/strong><\/p>\n<p style=\"text-align: justify;\">Bugetul alocat pentru acest an este de 150.000 de Euro, iar proiectele individuale pot primi finan\u021b\u0103ri \u00eentre 3.000 \u0219i 30.000 de Euro. Pentru proiectele educa\u021bionale \u0219i de con\u0219tientizare, valoarea maxim\u0103 a finan\u021b\u0103rii nerambursabile este de 5.000 de Euro, iar Funda\u021bia poate finan\u021ba maxim 10 proiecte din aceste direc\u021bii strategice. Cofinan\u021barea proiectelor asigurat\u0103 de beneficiari se puncteaz\u0103 suplimentar, dar nu este obligatorie.<\/p>\n<p style=\"text-align: justify;\">Propunerile de proiecte pot fi depuse p\u00e2n\u0103 pe data de 15 mai 2025. Evaluarea acestora va fi f\u0103cut\u0103 de evaluatori profesioni\u0219ti \u0219i independen\u021bi, conform strategiei programului \u0219i codului de conduit\u0103, urm\u00e2nd ca p\u00e2n\u0103 la finalul lunii iunie 2025 s\u0103 fie anun\u021bate rezultatele.<\/p>\n<p style=\"text-align: justify;\"><strong>Gestionare durabil\u0103 a p\u0103durilor \u0219i comunit\u0103\u021bi puternice<\/strong><\/p>\n<p style=\"text-align: justify;\">Prin ac\u021biunile programului Comunit\u0103\u021bile P\u0103durii de M\u00e2ine se urm\u0103re\u0219te promovarea gestion\u0103rii responsabile a p\u0103durilor, managementul adecvat al ariilor protejate \u0219i conservarea biodiversit\u0103\u021bii din zonele forestiere; contribuirea la cre\u0219terea calit\u0103\u021bii vie\u021bii \u00een comunit\u0103\u021bile forestiere; cultivarea respectului \u0219i iubirii fa\u021b\u0103 de natur\u0103 \u0219i bog\u0103\u021biile acesteia prin con\u0219tientizare \u0219i educa\u021bie de calitate a locuitorilor din zonele forestiere precum \u0219i oferirea de \u0219anse egale la dezvoltarea comunit\u0103\u021bilor forestiere.<\/p>\n<p style=\"text-align: justify;\">\u00cen primele trei runde ale programului (2022-2024) au fost contractate 16 proiecte, cu o valoare total\u0103 a finan\u021b\u0103rilor acordate de 3.044.271,09 de lei.<\/p>\n<p style=\"text-align: justify;\">Proiectele admise sunt \u00een prezent \u00een diferite faze de implementare \u00een Bucure\u0219ti \u0219i \u00een jude\u021bele Arge\u0219, Bac\u0103u, Bra\u0219ov, Buz\u0103u, Cluj, Harghita \u0219i Satu-Mare. Acestea includ domenii precum educa\u021bie, economie social\u0103, amenaj\u0103ri care pun \u00een valoare p\u0103durile comunitare \u0219i serviciile pe care acestea le ofer\u0103 \u0219i, bine\u00een\u021beles, \u00eemp\u0103duriri \u0219i re\u00eemp\u0103duriri: peste 47.000 de puie\u021bi au fost planta\u021bi pe terenuri degradate \u00een cadrul proiectelor finan\u021bate p\u00e2n\u0103 acum.<\/p>\n<p style=\"text-align: justify;\">Mai multe informa\u021bii, Ghidul Solicitantului \u0219i modelul cererii de finan\u021bare sunt disponibile pe site-ul Funda\u021biei P\u0103durea de M\u00e2ine, la adresa <a href=\"http:\/\/www.padureademaine.ro\/comunitati\">www.padureademaine.ro\/comunitati<\/a>. Directorul executiv al Funda\u021biei \u0219i managerul de proiect vor oferi mai multe detalii \u0219i vor r\u0103spunde la \u00eentreb\u0103ri \u00eentr-un webinar ce va avea loc \u00een perioada 15-17 aprilie 2025.<\/p>\n","protected":false},"excerpt":{"rendered":"<p>Funda\u021bia P\u0103durea de M\u00e2ine anun\u021b\u0103<\/p>\n","protected":false},"author":1,"featured_media":0,"comment_status":"open","ping_status":"open","sticky":false,"template":"","format":"standard","meta":{"footnotes":""},"categories":[1],"tags":[],"class_list":["post-113723","post","type-post","status-publish","format-standard","hentry","category-actualitate"],"_links":{"self":[{"href":"https:\/\/www.giurgiuveanul.ro\/stiri\/wp-json\/wp\/v2\/posts\/113723","targetHints":{"allow":["GET"]}}],"collection":[{"href":"https:\/\/www.giurgiuveanul.ro\/stiri\/wp-json\/wp\/v2\/posts"}],"about":[{"href":"https:\/\/www.giurgiuveanul.ro\/stiri\/wp-json\/wp\/v2\/types\/post"}],"author":[{"embeddable":true,"href":"https:\/\/www.giurgiuveanul.ro\/stiri\/wp-json\/wp\/v2\/users\/1"}],"replies":[{"embeddable":true,"href":"https:\/\/www.giurgiuveanul.ro\/stiri\/wp-json\/wp\/v2\/comments?post=113723"}],"version-history":[{"count":1,"href":"https:\/\/www.giurgiuveanul.ro\/stiri\/wp-json\/wp\/v2\/posts\/113723\/revisions"}],"predecessor-version":[{"id":113725,"href":"https:\/\/www.giurgiuveanul.ro\/stiri\/wp-json\/wp\/v2\/posts\/113723\/revisions\/113725"}],"wp:attachment":[{"href":"https:\/\/www.giurgiuveanul.ro\/stiri\/wp-json\/wp\/v2\/media?parent=113723"}],"wp:term":[{"taxonomy":"category","embeddable":true,"href":"https:\/\/www.giurgiuveanul.ro\/stiri\/wp-json\/wp\/v2\/categories?post=113723"},{"taxonomy":"post_tag","embeddable":true,"href":"https:\/\/www.giurgiuveanul.ro\/stiri\/wp-json\/wp\/v2\/tags?post=113723"}],"curies":[{"name":"wp","href":"https:\/\/api.w.org\/{rel}","templated":true}]}}