{"id":11406,"date":"2014-02-23T11:21:12","date_gmt":"2014-02-23T09:21:12","guid":{"rendered":"https:\/\/www.giurgiuveanul.ro\/stiri\/?p=11406"},"modified":"2014-02-24T11:09:52","modified_gmt":"2014-02-24T09:09:52","slug":"cine-miselul","status":"publish","type":"post","link":"https:\/\/www.giurgiuveanul.ro\/stiri\/cine-miselul\/","title":{"rendered":"Cine e &#8222;mi\u0219elul&#8221;?"},"content":{"rendered":"<p style=\"text-align: justify;\"><a href=\"https:\/\/www.giurgiuveanul.ro\/stiri\/wp-content\/uploads\/2014\/02\/Popa_Radu_Mihai-3.jpg\"><img loading=\"lazy\" decoding=\"async\" class=\"alignright size-full wp-image-11409\" alt=\"Popa_Radu_Mihai 3\" src=\"https:\/\/www.giurgiuveanul.ro\/stiri\/wp-content\/uploads\/2014\/02\/Popa_Radu_Mihai-3.jpg\" width=\"100\" height=\"133\" \/><\/a>I.L. Caragiale este mare pentru c-a sintetizat foarte bine caracterul politicianului rom\u00e2n. Declara\u0163iile din aceste zile ale unora dintre politicienii giurgiuveni, \u00eel readuc \u00een prim-plan.<\/p>\n<p style=\"text-align: justify;\">Primarul Barbu are obliga\u021bia moral\u0103, fa\u021b\u0103 de colegii s\u0103i, asupra c\u0103rora a l\u0103sat umbra ur\u00e2t\u0103 a neseriozitatii, dar \u0219i fa\u021b\u0103 de giurgiuveni, s\u0103 spun\u0103 cine este cel care <!--more-->blocheaz\u0103 sau \u00eencurc\u0103 eventualul sprijin financiar pentru liceul &#8222;Ion Majorescu&#8221;. Altfel, suntem \u00een plin teatru caragielesc: &#8222;semneaz&#8217;o c\u0103 o d\u0103m anonim\u0103!&#8221;.<\/p>\n<p><em>Deputat Radu Popa<\/em><\/p>\n","protected":false},"excerpt":{"rendered":"<p>I.L. Caragiale este mare pentru c-a sintetizat foarte bine caracterul politicianului rom\u00e2n. Declara\u0163iile din aceste zile ale unora dintre politicienii giurgiuveni, \u00eel readuc \u00een prim-plan. Primarul Barbu are obliga\u021bia moral\u0103, fa\u021b\u0103 de colegii s\u0103i, asupra c\u0103rora a l\u0103sat umbra ur\u00e2t\u0103 a neseriozitatii, dar \u0219i fa\u021b\u0103 de giurgiuveni, s\u0103 spun\u0103 cine este cel care<\/p>\n","protected":false},"author":2,"featured_media":0,"comment_status":"open","ping_status":"open","sticky":false,"template":"","format":"standard","meta":{"footnotes":""},"categories":[9],"tags":[],"class_list":["post-11406","post","type-post","status-publish","format-standard","hentry","category-cititorii-au-cuvantul"],"_links":{"self":[{"href":"https:\/\/www.giurgiuveanul.ro\/stiri\/wp-json\/wp\/v2\/posts\/11406","targetHints":{"allow":["GET"]}}],"collection":[{"href":"https:\/\/www.giurgiuveanul.ro\/stiri\/wp-json\/wp\/v2\/posts"}],"about":[{"href":"https:\/\/www.giurgiuveanul.ro\/stiri\/wp-json\/wp\/v2\/types\/post"}],"author":[{"embeddable":true,"href":"https:\/\/www.giurgiuveanul.ro\/stiri\/wp-json\/wp\/v2\/users\/2"}],"replies":[{"embeddable":true,"href":"https:\/\/www.giurgiuveanul.ro\/stiri\/wp-json\/wp\/v2\/comments?post=11406"}],"version-history":[{"count":0,"href":"https:\/\/www.giurgiuveanul.ro\/stiri\/wp-json\/wp\/v2\/posts\/11406\/revisions"}],"wp:attachment":[{"href":"https:\/\/www.giurgiuveanul.ro\/stiri\/wp-json\/wp\/v2\/media?parent=11406"}],"wp:term":[{"taxonomy":"category","embeddable":true,"href":"https:\/\/www.giurgiuveanul.ro\/stiri\/wp-json\/wp\/v2\/categories?post=11406"},{"taxonomy":"post_tag","embeddable":true,"href":"https:\/\/www.giurgiuveanul.ro\/stiri\/wp-json\/wp\/v2\/tags?post=11406"}],"curies":[{"name":"wp","href":"https:\/\/api.w.org\/{rel}","templated":true}]}}