{"id":114106,"date":"2025-04-20T11:27:40","date_gmt":"2025-04-20T08:27:40","guid":{"rendered":"https:\/\/www.giurgiuveanul.ro\/stiri\/?p=114106"},"modified":"2025-04-20T11:27:40","modified_gmt":"2025-04-20T08:27:40","slug":"george-dobre-vicepresedintele-consiliului-judetean-giurgiu-mesaj-de-sfintele-pasti","status":"publish","type":"post","link":"https:\/\/www.giurgiuveanul.ro\/stiri\/george-dobre-vicepresedintele-consiliului-judetean-giurgiu-mesaj-de-sfintele-pasti\/","title":{"rendered":"George Dobre, vicepre\u015fedintele Consiliului Jude\u0163ean Giurgiu, mesaj de Sfintele Pa\u015fti"},"content":{"rendered":"<p style=\"text-align: justify;\"><a href=\"https:\/\/www.giurgiuveanul.ro\/stiri\/wp-content\/uploads\/2025\/04\/000-george-dobre.jpg\"><img loading=\"lazy\" decoding=\"async\" class=\"aligncenter  wp-image-114107\" src=\"https:\/\/www.giurgiuveanul.ro\/stiri\/wp-content\/uploads\/2025\/04\/000-george-dobre-537x450.jpg\" alt=\"\" width=\"734\" height=\"615\" srcset=\"https:\/\/www.giurgiuveanul.ro\/stiri\/wp-content\/uploads\/2025\/04\/000-george-dobre-537x450.jpg 537w, https:\/\/www.giurgiuveanul.ro\/stiri\/wp-content\/uploads\/2025\/04\/000-george-dobre-250x209.jpg 250w, https:\/\/www.giurgiuveanul.ro\/stiri\/wp-content\/uploads\/2025\/04\/000-george-dobre-768x643.jpg 768w, https:\/\/www.giurgiuveanul.ro\/stiri\/wp-content\/uploads\/2025\/04\/000-george-dobre-400x335.jpg 400w, https:\/\/www.giurgiuveanul.ro\/stiri\/wp-content\/uploads\/2025\/04\/000-george-dobre.jpg 800w\" sizes=\"auto, (max-width: 734px) 100vw, 734px\" \/><\/a>Dragi giurgiuveni,<\/p>\n<p style=\"text-align: justify;\">Cu ocazia Sfintelor S\u0103rb\u0103tori Pascale,<!--more--> v\u0103 transmit cele mai alese g\u00e2nduri de s\u0103n\u0103tate, pace \u0219i bucurie al\u0103turi de cei dragi.<\/p>\n<p style=\"text-align: justify;\">\u00cenvierea Domnului este temelia credin\u021bei noastre \u0219i prilej de luminare sufleteasc\u0103, de iertare, de rena\u0219tere a speran\u021bei \u00een mai bine. Fie ca aceast\u0103 s\u0103rb\u0103toare sf\u00e2nt\u0103 s\u0103 v\u0103 aduc\u0103 lini\u0219te \u00een case, curaj \u00een inimi \u0219i puterea de a p\u0103\u0219i \u00eenainte cu \u00eencredere \u0219i credin\u021b\u0103.<\/p>\n<p style=\"text-align: justify;\">S\u0103 fim recunosc\u0103tori pentru darurile primite, s\u0103 pre\u021buim unitatea familiei \u0219i s\u0103 nu uit\u0103m niciodat\u0103 c\u0103 adev\u0103rata putere vine din iubirea \u0219i grija fa\u021b\u0103 de aproapele nostru.<\/p>\n<p style=\"text-align: justify;\">V\u0103 doresc un Pa\u0219te luminat \u0219i binecuv\u00e2ntat!<\/p>\n<p style=\"text-align: justify;\">Hristos a \u00eenviat!<\/p>\n<p style=\"text-align: justify;\">Cu respect,<br \/>\nVicepre\u0219edintele Consiliului Jude\u021bean Giurgiu,<br \/>\nGeorge Dobre<\/p>\n","protected":false},"excerpt":{"rendered":"<p>Dragi giurgiuveni, Cu ocazia Sfintelor S\u0103rb\u0103tori Pascale,<\/p>\n","protected":false},"author":1,"featured_media":0,"comment_status":"open","ping_status":"open","sticky":false,"template":"","format":"standard","meta":{"footnotes":""},"categories":[4],"tags":[],"class_list":["post-114106","post","type-post","status-publish","format-standard","hentry","category-special"],"_links":{"self":[{"href":"https:\/\/www.giurgiuveanul.ro\/stiri\/wp-json\/wp\/v2\/posts\/114106","targetHints":{"allow":["GET"]}}],"collection":[{"href":"https:\/\/www.giurgiuveanul.ro\/stiri\/wp-json\/wp\/v2\/posts"}],"about":[{"href":"https:\/\/www.giurgiuveanul.ro\/stiri\/wp-json\/wp\/v2\/types\/post"}],"author":[{"embeddable":true,"href":"https:\/\/www.giurgiuveanul.ro\/stiri\/wp-json\/wp\/v2\/users\/1"}],"replies":[{"embeddable":true,"href":"https:\/\/www.giurgiuveanul.ro\/stiri\/wp-json\/wp\/v2\/comments?post=114106"}],"version-history":[{"count":1,"href":"https:\/\/www.giurgiuveanul.ro\/stiri\/wp-json\/wp\/v2\/posts\/114106\/revisions"}],"predecessor-version":[{"id":114108,"href":"https:\/\/www.giurgiuveanul.ro\/stiri\/wp-json\/wp\/v2\/posts\/114106\/revisions\/114108"}],"wp:attachment":[{"href":"https:\/\/www.giurgiuveanul.ro\/stiri\/wp-json\/wp\/v2\/media?parent=114106"}],"wp:term":[{"taxonomy":"category","embeddable":true,"href":"https:\/\/www.giurgiuveanul.ro\/stiri\/wp-json\/wp\/v2\/categories?post=114106"},{"taxonomy":"post_tag","embeddable":true,"href":"https:\/\/www.giurgiuveanul.ro\/stiri\/wp-json\/wp\/v2\/tags?post=114106"}],"curies":[{"name":"wp","href":"https:\/\/api.w.org\/{rel}","templated":true}]}}