{"id":114109,"date":"2025-04-20T11:31:46","date_gmt":"2025-04-20T08:31:46","guid":{"rendered":"https:\/\/www.giurgiuveanul.ro\/stiri\/?p=114109"},"modified":"2025-04-20T11:31:46","modified_gmt":"2025-04-20T08:31:46","slug":"lucian-corozel-vicepresedintele-consiliului-judetean-giurgiu-mesaj-de-sfintele-pasti-2","status":"publish","type":"post","link":"https:\/\/www.giurgiuveanul.ro\/stiri\/lucian-corozel-vicepresedintele-consiliului-judetean-giurgiu-mesaj-de-sfintele-pasti-2\/","title":{"rendered":"Lucian Corozel, vicepre\u015fedintele Consiliului Jude\u0163ean Giurgiu, mesaj de Sfintele Pa\u015fti"},"content":{"rendered":"<p style=\"text-align: justify;\"><a href=\"https:\/\/www.giurgiuveanul.ro\/stiri\/wp-content\/uploads\/2025\/04\/00-lucian-corozel.jpg\"><img loading=\"lazy\" decoding=\"async\" class=\"aligncenter  wp-image-114110\" src=\"https:\/\/www.giurgiuveanul.ro\/stiri\/wp-content\/uploads\/2025\/04\/00-lucian-corozel-560x417.jpg\" alt=\"\" width=\"689\" height=\"513\" srcset=\"https:\/\/www.giurgiuveanul.ro\/stiri\/wp-content\/uploads\/2025\/04\/00-lucian-corozel-560x417.jpg 560w, https:\/\/www.giurgiuveanul.ro\/stiri\/wp-content\/uploads\/2025\/04\/00-lucian-corozel-250x186.jpg 250w, https:\/\/www.giurgiuveanul.ro\/stiri\/wp-content\/uploads\/2025\/04\/00-lucian-corozel-768x572.jpg 768w, https:\/\/www.giurgiuveanul.ro\/stiri\/wp-content\/uploads\/2025\/04\/00-lucian-corozel-400x298.jpg 400w, https:\/\/www.giurgiuveanul.ro\/stiri\/wp-content\/uploads\/2025\/04\/00-lucian-corozel.jpg 900w\" sizes=\"auto, (max-width: 689px) 100vw, 689px\" \/><\/a>Cu prilejul Sfintelor S\u0103rb\u0103tori ale \u00cenvierii Domnului,<!--more--> v\u0103 transmit cele mai sincere ur\u0103ri de s\u0103n\u0103tate, lini\u0219te \u0219i \u00eempliniri al\u0103turi de cei dragi.<\/p>\n<p style=\"text-align: justify;\">Pa\u0219tele este un moment deosebit \u00een via\u021ba noastr\u0103, o s\u0103rb\u0103toare care ne \u00eencurajeaz\u0103 s\u0103 ne reg\u0103sim \u00een credin\u021b\u0103, iubire \u0219i speran\u021b\u0103. \u00cen aceste zile sfinte, s\u0103 ne deschidem inimile pentru a primi Lumina \u00cenvierii \u0219i pentru a reflecta la valorile care ne unesc: respectul, solidaritatea \u0219i bun\u0103tatea.<\/p>\n<p style=\"text-align: justify;\">Fie ca aceste S\u0103rb\u0103tori Pascale s\u0103 v\u0103 aduc\u0103 pace \u00een suflet, bucurie \u00een familie \u0219i puterea de a dep\u0103\u0219i orice greutate cu \u00eencredere \u00een viitor. S\u0103 fim cu to\u021bii mai buni unii cu al\u021bii \u0219i s\u0103 lucr\u0103m \u00eempreun\u0103 pentru un jude\u021b mai prosper \u0219i mai unit.<\/p>\n<p style=\"text-align: justify;\">V\u0103 doresc un Pa\u0219te binecuv\u00e2ntat, al\u0103turi de cei dragi, \u0219i s\u0103 p\u0103str\u0103m mereu \u00een sufletul nostru lumin\u0103 \u0219i speran\u021b\u0103.<\/p>\n<p style=\"text-align: justify;\">Hristos a \u00eenviat!<\/p>\n<p style=\"text-align: justify;\">Cu respect,<br \/>\nLucian Corozel,<br \/>\nVicepre\u0219edintele Consiliului Jude\u021bean Giurgiu<\/p>\n","protected":false},"excerpt":{"rendered":"<p>Cu prilejul Sfintelor S\u0103rb\u0103tori ale \u00cenvierii Domnului,<\/p>\n","protected":false},"author":1,"featured_media":0,"comment_status":"open","ping_status":"open","sticky":false,"template":"","format":"standard","meta":{"footnotes":""},"categories":[4],"tags":[],"class_list":["post-114109","post","type-post","status-publish","format-standard","hentry","category-special"],"_links":{"self":[{"href":"https:\/\/www.giurgiuveanul.ro\/stiri\/wp-json\/wp\/v2\/posts\/114109","targetHints":{"allow":["GET"]}}],"collection":[{"href":"https:\/\/www.giurgiuveanul.ro\/stiri\/wp-json\/wp\/v2\/posts"}],"about":[{"href":"https:\/\/www.giurgiuveanul.ro\/stiri\/wp-json\/wp\/v2\/types\/post"}],"author":[{"embeddable":true,"href":"https:\/\/www.giurgiuveanul.ro\/stiri\/wp-json\/wp\/v2\/users\/1"}],"replies":[{"embeddable":true,"href":"https:\/\/www.giurgiuveanul.ro\/stiri\/wp-json\/wp\/v2\/comments?post=114109"}],"version-history":[{"count":1,"href":"https:\/\/www.giurgiuveanul.ro\/stiri\/wp-json\/wp\/v2\/posts\/114109\/revisions"}],"predecessor-version":[{"id":114111,"href":"https:\/\/www.giurgiuveanul.ro\/stiri\/wp-json\/wp\/v2\/posts\/114109\/revisions\/114111"}],"wp:attachment":[{"href":"https:\/\/www.giurgiuveanul.ro\/stiri\/wp-json\/wp\/v2\/media?parent=114109"}],"wp:term":[{"taxonomy":"category","embeddable":true,"href":"https:\/\/www.giurgiuveanul.ro\/stiri\/wp-json\/wp\/v2\/categories?post=114109"},{"taxonomy":"post_tag","embeddable":true,"href":"https:\/\/www.giurgiuveanul.ro\/stiri\/wp-json\/wp\/v2\/tags?post=114109"}],"curies":[{"name":"wp","href":"https:\/\/api.w.org\/{rel}","templated":true}]}}