{"id":114115,"date":"2025-04-20T11:40:37","date_gmt":"2025-04-20T08:40:37","guid":{"rendered":"https:\/\/www.giurgiuveanul.ro\/stiri\/?p=114115"},"modified":"2025-04-20T11:40:37","modified_gmt":"2025-04-20T08:40:37","slug":"ion-ghimpeteanu-prefectul-judetului-giurgiu-mesaj-de-sfintele-pasti","status":"publish","type":"post","link":"https:\/\/www.giurgiuveanul.ro\/stiri\/ion-ghimpeteanu-prefectul-judetului-giurgiu-mesaj-de-sfintele-pasti\/","title":{"rendered":"Ion Ghimpe\u0163eanu, prefectul jude\u0163ului Giurgiu, mesaj de Sfintele Pa\u015fti"},"content":{"rendered":"<p style=\"text-align: justify;\"><a href=\"https:\/\/www.giurgiuveanul.ro\/stiri\/wp-content\/uploads\/2025\/04\/Ion-Ghimpeteanu.jpg\"><img loading=\"lazy\" decoding=\"async\" class=\"aligncenter  wp-image-114116\" src=\"https:\/\/www.giurgiuveanul.ro\/stiri\/wp-content\/uploads\/2025\/04\/Ion-Ghimpeteanu-477x450.jpg\" alt=\"\" width=\"805\" height=\"759\" srcset=\"https:\/\/www.giurgiuveanul.ro\/stiri\/wp-content\/uploads\/2025\/04\/Ion-Ghimpeteanu-477x450.jpg 477w, https:\/\/www.giurgiuveanul.ro\/stiri\/wp-content\/uploads\/2025\/04\/Ion-Ghimpeteanu-250x236.jpg 250w, https:\/\/www.giurgiuveanul.ro\/stiri\/wp-content\/uploads\/2025\/04\/Ion-Ghimpeteanu-768x724.jpg 768w, https:\/\/www.giurgiuveanul.ro\/stiri\/wp-content\/uploads\/2025\/04\/Ion-Ghimpeteanu-400x377.jpg 400w, https:\/\/www.giurgiuveanul.ro\/stiri\/wp-content\/uploads\/2025\/04\/Ion-Ghimpeteanu.jpg 1061w\" sizes=\"auto, (max-width: 805px) 100vw, 805px\" \/><\/a>Cu ocazia S\u0103rb\u0103torilor Pascale,<!--more--> v\u0103 transmit cele mai calde ur\u0103ri de s\u0103n\u0103tate, pace sufleteasc\u0103 \u0219i \u00eempliniri al\u0103turi de cei dragi.<br \/>\nFie ca lumina Sfintelor Pa\u0219ti s\u0103 ne aduc\u0103 tuturor speran\u021b\u0103, \u00eencredere \u0219i puterea de a privi cu optimism spre viitor.<\/p>\n<p style=\"text-align: justify;\">Pa\u0219te fericit!<\/p>\n<p style=\"text-align: justify;\">Ion GHIMPE\u021aEANU<br \/>\nPrefectul Jude\u021bului Giurgiu<\/p>\n","protected":false},"excerpt":{"rendered":"<p>Cu ocazia S\u0103rb\u0103torilor Pascale,<\/p>\n","protected":false},"author":1,"featured_media":0,"comment_status":"open","ping_status":"open","sticky":false,"template":"","format":"standard","meta":{"footnotes":""},"categories":[4],"tags":[],"class_list":["post-114115","post","type-post","status-publish","format-standard","hentry","category-special"],"_links":{"self":[{"href":"https:\/\/www.giurgiuveanul.ro\/stiri\/wp-json\/wp\/v2\/posts\/114115","targetHints":{"allow":["GET"]}}],"collection":[{"href":"https:\/\/www.giurgiuveanul.ro\/stiri\/wp-json\/wp\/v2\/posts"}],"about":[{"href":"https:\/\/www.giurgiuveanul.ro\/stiri\/wp-json\/wp\/v2\/types\/post"}],"author":[{"embeddable":true,"href":"https:\/\/www.giurgiuveanul.ro\/stiri\/wp-json\/wp\/v2\/users\/1"}],"replies":[{"embeddable":true,"href":"https:\/\/www.giurgiuveanul.ro\/stiri\/wp-json\/wp\/v2\/comments?post=114115"}],"version-history":[{"count":1,"href":"https:\/\/www.giurgiuveanul.ro\/stiri\/wp-json\/wp\/v2\/posts\/114115\/revisions"}],"predecessor-version":[{"id":114117,"href":"https:\/\/www.giurgiuveanul.ro\/stiri\/wp-json\/wp\/v2\/posts\/114115\/revisions\/114117"}],"wp:attachment":[{"href":"https:\/\/www.giurgiuveanul.ro\/stiri\/wp-json\/wp\/v2\/media?parent=114115"}],"wp:term":[{"taxonomy":"category","embeddable":true,"href":"https:\/\/www.giurgiuveanul.ro\/stiri\/wp-json\/wp\/v2\/categories?post=114115"},{"taxonomy":"post_tag","embeddable":true,"href":"https:\/\/www.giurgiuveanul.ro\/stiri\/wp-json\/wp\/v2\/tags?post=114115"}],"curies":[{"name":"wp","href":"https:\/\/api.w.org\/{rel}","templated":true}]}}