{"id":114127,"date":"2025-04-20T11:56:57","date_gmt":"2025-04-20T08:56:57","guid":{"rendered":"https:\/\/www.giurgiuveanul.ro\/stiri\/?p=114127"},"modified":"2025-04-20T11:56:57","modified_gmt":"2025-04-20T08:56:57","slug":"dr-cristina-elena-dinu-presedinte-ofsd-giurgiu-mesaj-de-sfintele-pasti","status":"publish","type":"post","link":"https:\/\/www.giurgiuveanul.ro\/stiri\/dr-cristina-elena-dinu-presedinte-ofsd-giurgiu-mesaj-de-sfintele-pasti\/","title":{"rendered":"Dr. Cristina Elena Dinu, pre\u015fedinte OFSD Giurgiu, mesaj de Sfintele Pa\u015fti"},"content":{"rendered":"<p><a href=\"https:\/\/www.giurgiuveanul.ro\/stiri\/wp-content\/uploads\/2025\/04\/492029085_1862426584526785_9082903419607460789_n.jpg\"><img loading=\"lazy\" decoding=\"async\" class=\"aligncenter  wp-image-114128\" src=\"https:\/\/www.giurgiuveanul.ro\/stiri\/wp-content\/uploads\/2025\/04\/492029085_1862426584526785_9082903419607460789_n-560x374.jpg\" alt=\"\" width=\"765\" height=\"511\" srcset=\"https:\/\/www.giurgiuveanul.ro\/stiri\/wp-content\/uploads\/2025\/04\/492029085_1862426584526785_9082903419607460789_n-560x374.jpg 560w, https:\/\/www.giurgiuveanul.ro\/stiri\/wp-content\/uploads\/2025\/04\/492029085_1862426584526785_9082903419607460789_n-250x167.jpg 250w, https:\/\/www.giurgiuveanul.ro\/stiri\/wp-content\/uploads\/2025\/04\/492029085_1862426584526785_9082903419607460789_n-400x267.jpg 400w, https:\/\/www.giurgiuveanul.ro\/stiri\/wp-content\/uploads\/2025\/04\/492029085_1862426584526785_9082903419607460789_n.jpg 622w\" sizes=\"auto, (max-width: 765px) 100vw, 765px\" \/><\/a>Dragi prieteni,<!--more--><\/p>\n<p>S\u0103rb\u0103toarea Pa\u0219telui ne aduce \u00een suflet lumin\u0103, speran\u021b\u0103 \u0219i bucuria de a fi \u00eempreun\u0103, c\u0103ci Pa\u015ftele este despre recuno\u015ftin\u0163\u0103, despre familie \u0219i despre lini\u015fte sufleteasc\u0103.<\/p>\n<p>V\u0103 doresc din inim\u0103 ca Lumina Sf\u00e2nt\u0103 a \u00cenvierii Domnului nostru Iisus Hristos s\u0103 v\u0103 m\u00e2ng\u00e2ie sufletul, s\u0103 v\u0103 aduc\u0103 s\u0103n\u0103tate, pace \u0219i s\u0103 v\u0103 \u00eenso\u021beasc\u0103 \u00een fiecare zi!<\/p>\n<p>Pa\u015fte Binecuv\u00e2ntat, tuturor!<\/p>\n<p>Dr. Cristina Elena Dinu,<\/p>\n<p>Pre\u015fedinte OFSD Giurgiu<\/p>\n","protected":false},"excerpt":{"rendered":"<p>Dragi prieteni,<\/p>\n","protected":false},"author":1,"featured_media":0,"comment_status":"open","ping_status":"open","sticky":false,"template":"","format":"standard","meta":{"footnotes":""},"categories":[4],"tags":[],"class_list":["post-114127","post","type-post","status-publish","format-standard","hentry","category-special"],"_links":{"self":[{"href":"https:\/\/www.giurgiuveanul.ro\/stiri\/wp-json\/wp\/v2\/posts\/114127","targetHints":{"allow":["GET"]}}],"collection":[{"href":"https:\/\/www.giurgiuveanul.ro\/stiri\/wp-json\/wp\/v2\/posts"}],"about":[{"href":"https:\/\/www.giurgiuveanul.ro\/stiri\/wp-json\/wp\/v2\/types\/post"}],"author":[{"embeddable":true,"href":"https:\/\/www.giurgiuveanul.ro\/stiri\/wp-json\/wp\/v2\/users\/1"}],"replies":[{"embeddable":true,"href":"https:\/\/www.giurgiuveanul.ro\/stiri\/wp-json\/wp\/v2\/comments?post=114127"}],"version-history":[{"count":1,"href":"https:\/\/www.giurgiuveanul.ro\/stiri\/wp-json\/wp\/v2\/posts\/114127\/revisions"}],"predecessor-version":[{"id":114129,"href":"https:\/\/www.giurgiuveanul.ro\/stiri\/wp-json\/wp\/v2\/posts\/114127\/revisions\/114129"}],"wp:attachment":[{"href":"https:\/\/www.giurgiuveanul.ro\/stiri\/wp-json\/wp\/v2\/media?parent=114127"}],"wp:term":[{"taxonomy":"category","embeddable":true,"href":"https:\/\/www.giurgiuveanul.ro\/stiri\/wp-json\/wp\/v2\/categories?post=114127"},{"taxonomy":"post_tag","embeddable":true,"href":"https:\/\/www.giurgiuveanul.ro\/stiri\/wp-json\/wp\/v2\/tags?post=114127"}],"curies":[{"name":"wp","href":"https:\/\/api.w.org\/{rel}","templated":true}]}}