{"id":114130,"date":"2025-04-20T12:03:10","date_gmt":"2025-04-20T09:03:10","guid":{"rendered":"https:\/\/www.giurgiuveanul.ro\/stiri\/?p=114130"},"modified":"2025-04-20T12:03:44","modified_gmt":"2025-04-20T09:03:44","slug":"ionut-ciprian-alexandru-presedintele-usr-giurgiu-mesaj-de-sfintele-pasti","status":"publish","type":"post","link":"https:\/\/www.giurgiuveanul.ro\/stiri\/ionut-ciprian-alexandru-presedintele-usr-giurgiu-mesaj-de-sfintele-pasti\/","title":{"rendered":"Ionu\u0163 &#8211; Ciprian Alexandru, pre\u015fedinte USR Giurgiu, mesaj de Sfintele Pa\u015fti"},"content":{"rendered":"<p style=\"text-align: justify;\"><a href=\"https:\/\/www.giurgiuveanul.ro\/stiri\/wp-content\/uploads\/2025\/04\/000-ciprian-alexandru.jpg\"><img loading=\"lazy\" decoding=\"async\" class=\"aligncenter wp-image-114131\" src=\"https:\/\/www.giurgiuveanul.ro\/stiri\/wp-content\/uploads\/2025\/04\/000-ciprian-alexandru-560x446.jpg\" alt=\"\" width=\"731\" height=\"582\" srcset=\"https:\/\/www.giurgiuveanul.ro\/stiri\/wp-content\/uploads\/2025\/04\/000-ciprian-alexandru-560x446.jpg 560w, https:\/\/www.giurgiuveanul.ro\/stiri\/wp-content\/uploads\/2025\/04\/000-ciprian-alexandru-250x199.jpg 250w, https:\/\/www.giurgiuveanul.ro\/stiri\/wp-content\/uploads\/2025\/04\/000-ciprian-alexandru-768x612.jpg 768w, https:\/\/www.giurgiuveanul.ro\/stiri\/wp-content\/uploads\/2025\/04\/000-ciprian-alexandru-400x318.jpg 400w, https:\/\/www.giurgiuveanul.ro\/stiri\/wp-content\/uploads\/2025\/04\/000-ciprian-alexandru.jpg 1384w\" sizes=\"auto, (max-width: 731px) 100vw, 731px\" \/><\/a>Cu ocazia Sfintelor S\u0103rb\u0103tori ale \u00cenvierii Domnului,<!--more--> v\u0103 adresez cele mai sincere ur\u0103ri de bine, s\u0103n\u0103tate \u0219i pace \u00een suflet. Pa\u0219tele este o s\u0103rb\u0103toare a speran\u021bei, un moment \u00een care rena\u0219tem \u00eempreun\u0103 \u00een credin\u021b\u0103 \u0219i iubire, g\u0103sind \u00een fiecare clip\u0103 al\u0103turi de cei dragi o surs\u0103 de lumin\u0103 \u0219i putere.<\/p>\n<p style=\"text-align: justify;\">\u00cen aceste zile sfinte, s\u0103 ne amintim de importan\u021ba solidarit\u0103\u021bii \u0219i a bun\u0103t\u0103\u021bii fa\u021b\u0103 de cei din jur, s\u0103 p\u0103str\u0103m tradi\u021biile \u0219i s\u0103 ne str\u0103duim s\u0103 fim mai buni, mai \u00een\u021beleg\u0103tori \u0219i mai aproape unii de al\u021bii. Fie ca Lumina \u00cenvierii s\u0103 p\u0103trund\u0103 \u00een casele noastre, iar spiritul de unitate \u0219i speran\u021ba \u00een viitor s\u0103 ne c\u0103l\u0103uzeasc\u0103 pa\u0219ii.<\/p>\n<p style=\"text-align: justify;\">V\u0103 doresc un Pa\u0219te binecuv\u00e2ntat, plin de momente de neuitat al\u0103turi de familie \u0219i prieteni, \u0219i s\u0103 privim cu \u00eencredere spre un viitor mai bun, \u00een care s\u0103 construim \u00eempreun\u0103 o comunitate mai prosper\u0103 \u0219i mai solidar\u0103.<\/p>\n<p style=\"text-align: justify;\">Hristos a \u00eenviat!<\/p>\n<p style=\"text-align: justify;\">Cu respect,<br \/>\nIonu\u0163-Ciprian Alexandru<br \/>\nPre\u0219edinte USR Giurgiu<\/p>\n","protected":false},"excerpt":{"rendered":"<p>Cu ocazia Sfintelor S\u0103rb\u0103tori ale \u00cenvierii Domnului,<\/p>\n","protected":false},"author":1,"featured_media":0,"comment_status":"open","ping_status":"open","sticky":false,"template":"","format":"standard","meta":{"footnotes":""},"categories":[4],"tags":[],"class_list":["post-114130","post","type-post","status-publish","format-standard","hentry","category-special"],"_links":{"self":[{"href":"https:\/\/www.giurgiuveanul.ro\/stiri\/wp-json\/wp\/v2\/posts\/114130","targetHints":{"allow":["GET"]}}],"collection":[{"href":"https:\/\/www.giurgiuveanul.ro\/stiri\/wp-json\/wp\/v2\/posts"}],"about":[{"href":"https:\/\/www.giurgiuveanul.ro\/stiri\/wp-json\/wp\/v2\/types\/post"}],"author":[{"embeddable":true,"href":"https:\/\/www.giurgiuveanul.ro\/stiri\/wp-json\/wp\/v2\/users\/1"}],"replies":[{"embeddable":true,"href":"https:\/\/www.giurgiuveanul.ro\/stiri\/wp-json\/wp\/v2\/comments?post=114130"}],"version-history":[{"count":2,"href":"https:\/\/www.giurgiuveanul.ro\/stiri\/wp-json\/wp\/v2\/posts\/114130\/revisions"}],"predecessor-version":[{"id":114133,"href":"https:\/\/www.giurgiuveanul.ro\/stiri\/wp-json\/wp\/v2\/posts\/114130\/revisions\/114133"}],"wp:attachment":[{"href":"https:\/\/www.giurgiuveanul.ro\/stiri\/wp-json\/wp\/v2\/media?parent=114130"}],"wp:term":[{"taxonomy":"category","embeddable":true,"href":"https:\/\/www.giurgiuveanul.ro\/stiri\/wp-json\/wp\/v2\/categories?post=114130"},{"taxonomy":"post_tag","embeddable":true,"href":"https:\/\/www.giurgiuveanul.ro\/stiri\/wp-json\/wp\/v2\/tags?post=114130"}],"curies":[{"name":"wp","href":"https:\/\/api.w.org\/{rel}","templated":true}]}}