{"id":114149,"date":"2025-04-20T12:47:18","date_gmt":"2025-04-20T09:47:18","guid":{"rendered":"https:\/\/www.giurgiuveanul.ro\/stiri\/?p=114149"},"modified":"2025-04-20T12:47:18","modified_gmt":"2025-04-20T09:47:18","slug":"constantin-stoica-primarul-comunei-colibasi-mesaj-de-sfintele-pasti-3","status":"publish","type":"post","link":"https:\/\/www.giurgiuveanul.ro\/stiri\/constantin-stoica-primarul-comunei-colibasi-mesaj-de-sfintele-pasti-3\/","title":{"rendered":"Constantin Stoica, primarul comunei Coliba\u015fi, mesaj de Sfintele Pa\u015fti"},"content":{"rendered":"<p style=\"text-align: justify;\"><a href=\"https:\/\/www.giurgiuveanul.ro\/stiri\/wp-content\/uploads\/2025\/04\/IMG_0168.jpg\"><img loading=\"lazy\" decoding=\"async\" class=\"aligncenter  wp-image-114150\" src=\"https:\/\/www.giurgiuveanul.ro\/stiri\/wp-content\/uploads\/2025\/04\/IMG_0168-560x436.jpg\" alt=\"\" width=\"719\" height=\"560\" srcset=\"https:\/\/www.giurgiuveanul.ro\/stiri\/wp-content\/uploads\/2025\/04\/IMG_0168-560x436.jpg 560w, https:\/\/www.giurgiuveanul.ro\/stiri\/wp-content\/uploads\/2025\/04\/IMG_0168-250x195.jpg 250w, https:\/\/www.giurgiuveanul.ro\/stiri\/wp-content\/uploads\/2025\/04\/IMG_0168-768x598.jpg 768w, https:\/\/www.giurgiuveanul.ro\/stiri\/wp-content\/uploads\/2025\/04\/IMG_0168-400x312.jpg 400w, https:\/\/www.giurgiuveanul.ro\/stiri\/wp-content\/uploads\/2025\/04\/IMG_0168.jpg 800w\" sizes=\"auto, (max-width: 719px) 100vw, 719px\" \/><\/a>Cu ocazia Sfintelor S\u0103rb\u0103tori Pascale,<!--more--> v\u0103 adresez din suflet cele mai sincere ur\u0103ri de s\u0103n\u0103tate, pace \u0219i bucurii al\u0103turi de cei dragi.<\/p>\n<p style=\"text-align: justify;\">\u00cenvierea Domnului este o s\u0103rb\u0103toare a speran\u021bei, a iubirii \u0219i a biruin\u021bei vie\u021bii asupra mor\u021bii. Este momentul \u00een care ne apropiem mai mult unii de al\u021bii, ne \u00eent\u0103rim \u00een credin\u021b\u0103 \u0219i redescoperim frumuse\u021bea lucrurilor simple: familia, lini\u0219tea \u0219i lumina sufleteasc\u0103.<\/p>\n<p style=\"text-align: justify;\">V\u0103 doresc ca aceste zile sfinte s\u0103 v\u0103 g\u0103seasc\u0103 cu inima curat\u0103, cu masa \u00eembel\u0219ugat\u0103 \u0219i cu bucuria de a fi \u00eempreun\u0103, ca o comunitate unit\u0103 \u0219i vrednic\u0103.<\/p>\n<p style=\"text-align: justify;\">Hristos a \u00eenviat!<\/p>\n<p style=\"text-align: justify;\">Cu respect \u0219i pre\u021buire,<br \/>\nConstantin Stoica<br \/>\nPrimarul Comunei Coliba\u0219i<\/p>\n","protected":false},"excerpt":{"rendered":"<p>Cu ocazia Sfintelor S\u0103rb\u0103tori Pascale,<\/p>\n","protected":false},"author":1,"featured_media":0,"comment_status":"open","ping_status":"open","sticky":false,"template":"","format":"standard","meta":{"footnotes":""},"categories":[4],"tags":[],"class_list":["post-114149","post","type-post","status-publish","format-standard","hentry","category-special"],"_links":{"self":[{"href":"https:\/\/www.giurgiuveanul.ro\/stiri\/wp-json\/wp\/v2\/posts\/114149","targetHints":{"allow":["GET"]}}],"collection":[{"href":"https:\/\/www.giurgiuveanul.ro\/stiri\/wp-json\/wp\/v2\/posts"}],"about":[{"href":"https:\/\/www.giurgiuveanul.ro\/stiri\/wp-json\/wp\/v2\/types\/post"}],"author":[{"embeddable":true,"href":"https:\/\/www.giurgiuveanul.ro\/stiri\/wp-json\/wp\/v2\/users\/1"}],"replies":[{"embeddable":true,"href":"https:\/\/www.giurgiuveanul.ro\/stiri\/wp-json\/wp\/v2\/comments?post=114149"}],"version-history":[{"count":1,"href":"https:\/\/www.giurgiuveanul.ro\/stiri\/wp-json\/wp\/v2\/posts\/114149\/revisions"}],"predecessor-version":[{"id":114151,"href":"https:\/\/www.giurgiuveanul.ro\/stiri\/wp-json\/wp\/v2\/posts\/114149\/revisions\/114151"}],"wp:attachment":[{"href":"https:\/\/www.giurgiuveanul.ro\/stiri\/wp-json\/wp\/v2\/media?parent=114149"}],"wp:term":[{"taxonomy":"category","embeddable":true,"href":"https:\/\/www.giurgiuveanul.ro\/stiri\/wp-json\/wp\/v2\/categories?post=114149"},{"taxonomy":"post_tag","embeddable":true,"href":"https:\/\/www.giurgiuveanul.ro\/stiri\/wp-json\/wp\/v2\/tags?post=114149"}],"curies":[{"name":"wp","href":"https:\/\/api.w.org\/{rel}","templated":true}]}}