{"id":114152,"date":"2025-04-20T12:51:21","date_gmt":"2025-04-20T09:51:21","guid":{"rendered":"https:\/\/www.giurgiuveanul.ro\/stiri\/?p=114152"},"modified":"2025-04-20T12:51:21","modified_gmt":"2025-04-20T09:51:21","slug":"marian-negru-primarul-comunei-letca-noua-mesaj-de-sfintele-pasti-3","status":"publish","type":"post","link":"https:\/\/www.giurgiuveanul.ro\/stiri\/marian-negru-primarul-comunei-letca-noua-mesaj-de-sfintele-pasti-3\/","title":{"rendered":"Marian Negru, primarul comunei Letca Nou\u0103, mesaj de Sfintele Pa\u015fti"},"content":{"rendered":"<p><a href=\"https:\/\/www.giurgiuveanul.ro\/stiri\/wp-content\/uploads\/2025\/04\/339563615_1305257810027574_1925719205117893104_n.jpg\"><img loading=\"lazy\" decoding=\"async\" class=\"aligncenter  wp-image-114153\" src=\"https:\/\/www.giurgiuveanul.ro\/stiri\/wp-content\/uploads\/2025\/04\/339563615_1305257810027574_1925719205117893104_n-540x450.jpg\" alt=\"\" width=\"754\" height=\"628\" srcset=\"https:\/\/www.giurgiuveanul.ro\/stiri\/wp-content\/uploads\/2025\/04\/339563615_1305257810027574_1925719205117893104_n-540x450.jpg 540w, https:\/\/www.giurgiuveanul.ro\/stiri\/wp-content\/uploads\/2025\/04\/339563615_1305257810027574_1925719205117893104_n-250x208.jpg 250w, https:\/\/www.giurgiuveanul.ro\/stiri\/wp-content\/uploads\/2025\/04\/339563615_1305257810027574_1925719205117893104_n-768x640.jpg 768w, https:\/\/www.giurgiuveanul.ro\/stiri\/wp-content\/uploads\/2025\/04\/339563615_1305257810027574_1925719205117893104_n-400x333.jpg 400w, https:\/\/www.giurgiuveanul.ro\/stiri\/wp-content\/uploads\/2025\/04\/339563615_1305257810027574_1925719205117893104_n.jpg 1339w\" sizes=\"auto, (max-width: 754px) 100vw, 754px\" \/><\/a>Dragi concet\u0103\u021beni,<!--more--><\/p>\n<p>\u00cen numele Prim\u0103riei \u0219i al Consiliului Local, v\u0103 transmit cele mai sincere ur\u0103ri de bine cu prilejul Sfintelor S\u0103rb\u0103tori Pascale.<\/p>\n<p>Fie ca lumina \u00cenvierii Domnului nostru Iisus Hristos s\u0103 v\u0103 aduc\u0103 pace \u00een suflet, s\u0103n\u0103tate, speran\u021b\u0103 \u0219i \u00eempliniri al\u0103turi de cei dragi.<\/p>\n<p>Aceste zile sfinte s\u0103 ne reaminteasc\u0103 de puterea credin\u021bei, de importan\u021ba solidarit\u0103\u021bii \u0219i de bucuria de a fi \u00eempreun\u0103 ca o adev\u0103rat\u0103 comunitate.<\/p>\n<p>V\u0103 doresc tuturor ca S\u0103rb\u0103torile Pascale s\u0103 v\u0103 g\u0103seasc\u0103 cu inima \u00eemp\u0103cat\u0103, casa plin\u0103 de armonie \u0219i masa \u00eenc\u0103rcat\u0103 de bel\u0219ug.<\/p>\n<p>Hristos a \u00eenviat!<\/p>\n<p>Cu aleas\u0103 pre\u021buire,<br \/>\nPrimar,<br \/>\nMarian Negru<\/p>\n","protected":false},"excerpt":{"rendered":"<p>Dragi concet\u0103\u021beni,<\/p>\n","protected":false},"author":1,"featured_media":0,"comment_status":"open","ping_status":"open","sticky":false,"template":"","format":"standard","meta":{"footnotes":""},"categories":[4],"tags":[],"class_list":["post-114152","post","type-post","status-publish","format-standard","hentry","category-special"],"_links":{"self":[{"href":"https:\/\/www.giurgiuveanul.ro\/stiri\/wp-json\/wp\/v2\/posts\/114152","targetHints":{"allow":["GET"]}}],"collection":[{"href":"https:\/\/www.giurgiuveanul.ro\/stiri\/wp-json\/wp\/v2\/posts"}],"about":[{"href":"https:\/\/www.giurgiuveanul.ro\/stiri\/wp-json\/wp\/v2\/types\/post"}],"author":[{"embeddable":true,"href":"https:\/\/www.giurgiuveanul.ro\/stiri\/wp-json\/wp\/v2\/users\/1"}],"replies":[{"embeddable":true,"href":"https:\/\/www.giurgiuveanul.ro\/stiri\/wp-json\/wp\/v2\/comments?post=114152"}],"version-history":[{"count":1,"href":"https:\/\/www.giurgiuveanul.ro\/stiri\/wp-json\/wp\/v2\/posts\/114152\/revisions"}],"predecessor-version":[{"id":114154,"href":"https:\/\/www.giurgiuveanul.ro\/stiri\/wp-json\/wp\/v2\/posts\/114152\/revisions\/114154"}],"wp:attachment":[{"href":"https:\/\/www.giurgiuveanul.ro\/stiri\/wp-json\/wp\/v2\/media?parent=114152"}],"wp:term":[{"taxonomy":"category","embeddable":true,"href":"https:\/\/www.giurgiuveanul.ro\/stiri\/wp-json\/wp\/v2\/categories?post=114152"},{"taxonomy":"post_tag","embeddable":true,"href":"https:\/\/www.giurgiuveanul.ro\/stiri\/wp-json\/wp\/v2\/tags?post=114152"}],"curies":[{"name":"wp","href":"https:\/\/api.w.org\/{rel}","templated":true}]}}