{"id":114155,"date":"2025-04-20T12:55:48","date_gmt":"2025-04-20T09:55:48","guid":{"rendered":"https:\/\/www.giurgiuveanul.ro\/stiri\/?p=114155"},"modified":"2025-04-20T12:55:48","modified_gmt":"2025-04-20T09:55:48","slug":"europarlamentar-dan-motreanu-presedinte-pnl-giurgiu-mesaj-de-sfintele-pasti-3","status":"publish","type":"post","link":"https:\/\/www.giurgiuveanul.ro\/stiri\/europarlamentar-dan-motreanu-presedinte-pnl-giurgiu-mesaj-de-sfintele-pasti-3\/","title":{"rendered":"Europarlamentar Dan Motreanu, pre\u0219edinte PNL Giurgiu, mesaj de Sfintele Pa\u015fti"},"content":{"rendered":"<p style=\"text-align: justify;\"><a href=\"https:\/\/www.giurgiuveanul.ro\/stiri\/wp-content\/uploads\/2025\/04\/283757688_435121198423903_8702912458775177909_n.jpg\"><img loading=\"lazy\" decoding=\"async\" class=\"aligncenter  wp-image-114156\" src=\"https:\/\/www.giurgiuveanul.ro\/stiri\/wp-content\/uploads\/2025\/04\/283757688_435121198423903_8702912458775177909_n-560x423.jpg\" alt=\"\" width=\"751\" height=\"567\" srcset=\"https:\/\/www.giurgiuveanul.ro\/stiri\/wp-content\/uploads\/2025\/04\/283757688_435121198423903_8702912458775177909_n-560x423.jpg 560w, https:\/\/www.giurgiuveanul.ro\/stiri\/wp-content\/uploads\/2025\/04\/283757688_435121198423903_8702912458775177909_n-250x189.jpg 250w, https:\/\/www.giurgiuveanul.ro\/stiri\/wp-content\/uploads\/2025\/04\/283757688_435121198423903_8702912458775177909_n-768x580.jpg 768w, https:\/\/www.giurgiuveanul.ro\/stiri\/wp-content\/uploads\/2025\/04\/283757688_435121198423903_8702912458775177909_n-400x302.jpg 400w, https:\/\/www.giurgiuveanul.ro\/stiri\/wp-content\/uploads\/2025\/04\/283757688_435121198423903_8702912458775177909_n.jpg 917w\" sizes=\"auto, (max-width: 751px) 100vw, 751px\" \/><\/a>Dragi giurgiuveni,<!--more--><\/p>\n<p style=\"text-align: justify;\">Cu ocazia Sfintelor S\u0103rb\u0103tori Pascale, v\u0103 transmit cele mai calde ur\u0103ri de s\u0103n\u0103tate, pace \u0219i bucurii al\u0103turi de familiile dumneavoastr\u0103. \u00cenvierea Domnului ne reaminte\u0219te, an de an, c\u0103 lumina, credin\u021ba \u0219i speran\u021ba biruiesc \u00eentotdeauna \u00eentunericul, \u00eencerc\u0103rile \u0219i \u00eendoiala.<\/p>\n<p style=\"text-align: justify;\">Pa\u0219tele este o s\u0103rb\u0103toare a sufletului, un timp al iert\u0103rii \u0219i al reg\u0103sirii de sine. \u00cen aceste zile sfinte, s\u0103 ne \u00eendrept\u0103m g\u00e2ndurile c\u0103tre cei dragi, c\u0103tre cei afla\u021bi \u00een suferin\u021b\u0103, dar \u0219i c\u0103tre viitor, cu \u00eencredere \u0219i curaj.<\/p>\n<p style=\"text-align: justify;\">V\u0103 doresc ca Lumina Sf\u00e2nt\u0103 s\u0103 v\u0103 c\u0103l\u0103uzeasc\u0103 pa\u0219ii, s\u0103 v\u0103 aduc\u0103 armonie \u00een familie, putere \u00een fa\u021ba greut\u0103\u021bilor \u0219i speran\u021b\u0103 \u00een tot ceea ce \u00eentreprinde\u021bi.<\/p>\n<p style=\"text-align: justify;\">Hristos a \u00eenviat! Pa\u0219te binecuv\u00e2ntat!<\/p>\n<p style=\"text-align: justify;\">Cu aleas\u0103 pre\u021buire,<br \/>\nEuroparlamentar Dan Motreanu<br \/>\nPre\u0219edinte PNL Giurgiu<\/p>\n","protected":false},"excerpt":{"rendered":"<p>Dragi giurgiuveni,<\/p>\n","protected":false},"author":1,"featured_media":0,"comment_status":"open","ping_status":"open","sticky":false,"template":"","format":"standard","meta":{"footnotes":""},"categories":[4],"tags":[],"class_list":["post-114155","post","type-post","status-publish","format-standard","hentry","category-special"],"_links":{"self":[{"href":"https:\/\/www.giurgiuveanul.ro\/stiri\/wp-json\/wp\/v2\/posts\/114155","targetHints":{"allow":["GET"]}}],"collection":[{"href":"https:\/\/www.giurgiuveanul.ro\/stiri\/wp-json\/wp\/v2\/posts"}],"about":[{"href":"https:\/\/www.giurgiuveanul.ro\/stiri\/wp-json\/wp\/v2\/types\/post"}],"author":[{"embeddable":true,"href":"https:\/\/www.giurgiuveanul.ro\/stiri\/wp-json\/wp\/v2\/users\/1"}],"replies":[{"embeddable":true,"href":"https:\/\/www.giurgiuveanul.ro\/stiri\/wp-json\/wp\/v2\/comments?post=114155"}],"version-history":[{"count":1,"href":"https:\/\/www.giurgiuveanul.ro\/stiri\/wp-json\/wp\/v2\/posts\/114155\/revisions"}],"predecessor-version":[{"id":114157,"href":"https:\/\/www.giurgiuveanul.ro\/stiri\/wp-json\/wp\/v2\/posts\/114155\/revisions\/114157"}],"wp:attachment":[{"href":"https:\/\/www.giurgiuveanul.ro\/stiri\/wp-json\/wp\/v2\/media?parent=114155"}],"wp:term":[{"taxonomy":"category","embeddable":true,"href":"https:\/\/www.giurgiuveanul.ro\/stiri\/wp-json\/wp\/v2\/categories?post=114155"},{"taxonomy":"post_tag","embeddable":true,"href":"https:\/\/www.giurgiuveanul.ro\/stiri\/wp-json\/wp\/v2\/tags?post=114155"}],"curies":[{"name":"wp","href":"https:\/\/api.w.org\/{rel}","templated":true}]}}