{"id":114161,"date":"2025-04-20T13:06:23","date_gmt":"2025-04-20T10:06:23","guid":{"rendered":"https:\/\/www.giurgiuveanul.ro\/stiri\/?p=114161"},"modified":"2025-04-20T13:06:23","modified_gmt":"2025-04-20T10:06:23","slug":"fabian-tirca-primarul-comunei-oinacu-mesaj-de-sfintele-pasti-2","status":"publish","type":"post","link":"https:\/\/www.giurgiuveanul.ro\/stiri\/fabian-tirca-primarul-comunei-oinacu-mesaj-de-sfintele-pasti-2\/","title":{"rendered":"Fabian \u0162\u00eerc\u0103, primarul comunei Oinacu, mesaj de Sfintele Pa\u015fti"},"content":{"rendered":"<p style=\"text-align: justify;\"><a href=\"https:\/\/www.giurgiuveanul.ro\/stiri\/wp-content\/uploads\/2025\/04\/0000-fabian-tirca-.jpg\"><img loading=\"lazy\" decoding=\"async\" class=\"aligncenter  wp-image-113993\" src=\"https:\/\/www.giurgiuveanul.ro\/stiri\/wp-content\/uploads\/2025\/04\/0000-fabian-tirca--560x426.jpg\" alt=\"\" width=\"736\" height=\"560\" srcset=\"https:\/\/www.giurgiuveanul.ro\/stiri\/wp-content\/uploads\/2025\/04\/0000-fabian-tirca--560x426.jpg 560w, https:\/\/www.giurgiuveanul.ro\/stiri\/wp-content\/uploads\/2025\/04\/0000-fabian-tirca--250x190.jpg 250w, https:\/\/www.giurgiuveanul.ro\/stiri\/wp-content\/uploads\/2025\/04\/0000-fabian-tirca--768x584.jpg 768w, https:\/\/www.giurgiuveanul.ro\/stiri\/wp-content\/uploads\/2025\/04\/0000-fabian-tirca--400x304.jpg 400w, https:\/\/www.giurgiuveanul.ro\/stiri\/wp-content\/uploads\/2025\/04\/0000-fabian-tirca-.jpg 1213w\" sizes=\"auto, (max-width: 736px) 100vw, 736px\" \/><\/a>Cu prilejul Sfintelor S\u0103rb\u0103tori ale \u00cenvierii Domnului,<!--more--> v\u0103 transmit cele mai sincere ur\u0103ri de s\u0103n\u0103tate, pace \u0219i \u00eempliniri al\u0103turi de familiile dumneavoastr\u0103.<\/p>\n<p style=\"text-align: justify;\">Pa\u0219tele este o perioad\u0103 de mare \u00eensemn\u0103tate spiritual\u0103, un moment de reflec\u021bie asupra credin\u021bei \u0219i valorilor care ne unesc ca oameni. \u00cen aceste zile sfinte, \u00eenv\u0103\u021b\u0103turile M\u00e2ntuitorului ne \u00eencurajeaz\u0103 s\u0103 fim mai buni, s\u0103 iert\u0103m \u0219i s\u0103 ne \u00eent\u0103rim leg\u0103turile de iubire \u0219i solidaritate \u00eentre noi.<\/p>\n<p style=\"text-align: justify;\">Fie ca Lumina \u00cenvierii s\u0103 v\u0103 aduc\u0103 pace \u00een suflet, bucurie \u00een case \u0219i puterea de a dep\u0103\u0219i orice dificultate. S\u0103 tr\u0103im cu speran\u021b\u0103 \u0219i credin\u021b\u0103, iar comunitatea noastr\u0103 s\u0103 r\u0103m\u00e2n\u0103 unit\u0103, s\u0103 construiasc\u0103 \u00eempreun\u0103 un viitor mai bun.<\/p>\n<p style=\"text-align: justify;\">V\u0103 doresc un Pa\u0219te binecuv\u00e2ntat, plin de momente de neuitat, al\u0103turi de cei dragi. S\u0103 p\u0103str\u0103m tradi\u021biile \u0219i s\u0103 continu\u0103m s\u0103 fim o comunitate puternic\u0103 \u0219i sprijinitoare.<\/p>\n<p style=\"text-align: justify;\">Hristos a \u00eenviat!<\/p>\n<p style=\"text-align: justify;\">Cu respect,<br \/>\nFabian \u021a\u00eerc\u0103,<br \/>\nPrimarul Comunei Oinacu<\/p>\n","protected":false},"excerpt":{"rendered":"<p>Cu prilejul Sfintelor S\u0103rb\u0103tori ale \u00cenvierii Domnului,<\/p>\n","protected":false},"author":1,"featured_media":0,"comment_status":"open","ping_status":"open","sticky":false,"template":"","format":"standard","meta":{"footnotes":""},"categories":[4],"tags":[],"class_list":["post-114161","post","type-post","status-publish","format-standard","hentry","category-special"],"_links":{"self":[{"href":"https:\/\/www.giurgiuveanul.ro\/stiri\/wp-json\/wp\/v2\/posts\/114161","targetHints":{"allow":["GET"]}}],"collection":[{"href":"https:\/\/www.giurgiuveanul.ro\/stiri\/wp-json\/wp\/v2\/posts"}],"about":[{"href":"https:\/\/www.giurgiuveanul.ro\/stiri\/wp-json\/wp\/v2\/types\/post"}],"author":[{"embeddable":true,"href":"https:\/\/www.giurgiuveanul.ro\/stiri\/wp-json\/wp\/v2\/users\/1"}],"replies":[{"embeddable":true,"href":"https:\/\/www.giurgiuveanul.ro\/stiri\/wp-json\/wp\/v2\/comments?post=114161"}],"version-history":[{"count":1,"href":"https:\/\/www.giurgiuveanul.ro\/stiri\/wp-json\/wp\/v2\/posts\/114161\/revisions"}],"predecessor-version":[{"id":114162,"href":"https:\/\/www.giurgiuveanul.ro\/stiri\/wp-json\/wp\/v2\/posts\/114161\/revisions\/114162"}],"wp:attachment":[{"href":"https:\/\/www.giurgiuveanul.ro\/stiri\/wp-json\/wp\/v2\/media?parent=114161"}],"wp:term":[{"taxonomy":"category","embeddable":true,"href":"https:\/\/www.giurgiuveanul.ro\/stiri\/wp-json\/wp\/v2\/categories?post=114161"},{"taxonomy":"post_tag","embeddable":true,"href":"https:\/\/www.giurgiuveanul.ro\/stiri\/wp-json\/wp\/v2\/tags?post=114161"}],"curies":[{"name":"wp","href":"https:\/\/api.w.org\/{rel}","templated":true}]}}