{"id":114163,"date":"2025-04-20T13:13:02","date_gmt":"2025-04-20T10:13:02","guid":{"rendered":"https:\/\/www.giurgiuveanul.ro\/stiri\/?p=114163"},"modified":"2025-04-20T13:13:02","modified_gmt":"2025-04-20T10:13:02","slug":"iulian-andrei-primarul-comunei-bulbucata-mesaj-de-sfintele-pasti","status":"publish","type":"post","link":"https:\/\/www.giurgiuveanul.ro\/stiri\/iulian-andrei-primarul-comunei-bulbucata-mesaj-de-sfintele-pasti\/","title":{"rendered":"Iulian Andrei, primarul comunei Bulbucata, mesaj de Sfintele Pa\u015fti"},"content":{"rendered":"<p style=\"text-align: justify;\"><a href=\"https:\/\/www.giurgiuveanul.ro\/stiri\/wp-content\/uploads\/2025\/04\/Iulian-Andrei.jpg\"><img loading=\"lazy\" decoding=\"async\" class=\"aligncenter  wp-image-114164\" src=\"https:\/\/www.giurgiuveanul.ro\/stiri\/wp-content\/uploads\/2025\/04\/Iulian-Andrei-495x450.jpg\" alt=\"\" width=\"773\" height=\"703\" srcset=\"https:\/\/www.giurgiuveanul.ro\/stiri\/wp-content\/uploads\/2025\/04\/Iulian-Andrei-495x450.jpg 495w, https:\/\/www.giurgiuveanul.ro\/stiri\/wp-content\/uploads\/2025\/04\/Iulian-Andrei-250x227.jpg 250w, https:\/\/www.giurgiuveanul.ro\/stiri\/wp-content\/uploads\/2025\/04\/Iulian-Andrei-768x698.jpg 768w, https:\/\/www.giurgiuveanul.ro\/stiri\/wp-content\/uploads\/2025\/04\/Iulian-Andrei-400x364.jpg 400w, https:\/\/www.giurgiuveanul.ro\/stiri\/wp-content\/uploads\/2025\/04\/Iulian-Andrei.jpg 1000w\" sizes=\"auto, (max-width: 773px) 100vw, 773px\" \/><\/a>Cu prilejul Sfintelor S\u0103rb\u0103tori Pascale,<!--more--> v\u0103 adresez cele mai calde ur\u0103ri de s\u0103n\u0103tate, lini\u0219te sufleteasc\u0103 \u0219i bucurii al\u0103turi de cei dragi.<\/p>\n<p style=\"text-align: justify;\">\u00cenvierea Domnului este simbolul biruin\u021bei vie\u021bii asupra mor\u021bii, al luminii asupra \u00eentunericului \u0219i al speran\u021bei asupra \u00eencerc\u0103rilor. Este momentul \u00een care credin\u021ba ne reune\u0219te \u0219i ne \u00eenva\u021b\u0103 s\u0103 fim mai buni, mai \u00een\u021beleg\u0103tori \u0219i mai aproape unii de al\u021bii.<\/p>\n<p style=\"text-align: justify;\">Fie ca Lumina Sf\u00e2nt\u0103 s\u0103 v\u0103 p\u0103trund\u0103 \u00een case \u0219i \u00een inimi, s\u0103 v\u0103 aduc\u0103 pace, curaj \u0219i \u00eempliniri \u00een tot ceea ce face\u021bi. V\u0103 doresc un Pa\u0219te binecuv\u00e2ntat, plin de dragoste \u0219i speran\u021b\u0103!<\/p>\n<p style=\"text-align: justify;\">Hristos a \u00eenviat!<\/p>\n<p style=\"text-align: justify;\">Cu aleas\u0103 considera\u021bie,<br \/>\nIulian Andrei,<br \/>\nPrimarul Comunei Bulbucata<\/p>\n","protected":false},"excerpt":{"rendered":"<p>Cu prilejul Sfintelor S\u0103rb\u0103tori Pascale,<\/p>\n","protected":false},"author":1,"featured_media":0,"comment_status":"open","ping_status":"open","sticky":false,"template":"","format":"standard","meta":{"footnotes":""},"categories":[4],"tags":[],"class_list":["post-114163","post","type-post","status-publish","format-standard","hentry","category-special"],"_links":{"self":[{"href":"https:\/\/www.giurgiuveanul.ro\/stiri\/wp-json\/wp\/v2\/posts\/114163","targetHints":{"allow":["GET"]}}],"collection":[{"href":"https:\/\/www.giurgiuveanul.ro\/stiri\/wp-json\/wp\/v2\/posts"}],"about":[{"href":"https:\/\/www.giurgiuveanul.ro\/stiri\/wp-json\/wp\/v2\/types\/post"}],"author":[{"embeddable":true,"href":"https:\/\/www.giurgiuveanul.ro\/stiri\/wp-json\/wp\/v2\/users\/1"}],"replies":[{"embeddable":true,"href":"https:\/\/www.giurgiuveanul.ro\/stiri\/wp-json\/wp\/v2\/comments?post=114163"}],"version-history":[{"count":1,"href":"https:\/\/www.giurgiuveanul.ro\/stiri\/wp-json\/wp\/v2\/posts\/114163\/revisions"}],"predecessor-version":[{"id":114165,"href":"https:\/\/www.giurgiuveanul.ro\/stiri\/wp-json\/wp\/v2\/posts\/114163\/revisions\/114165"}],"wp:attachment":[{"href":"https:\/\/www.giurgiuveanul.ro\/stiri\/wp-json\/wp\/v2\/media?parent=114163"}],"wp:term":[{"taxonomy":"category","embeddable":true,"href":"https:\/\/www.giurgiuveanul.ro\/stiri\/wp-json\/wp\/v2\/categories?post=114163"},{"taxonomy":"post_tag","embeddable":true,"href":"https:\/\/www.giurgiuveanul.ro\/stiri\/wp-json\/wp\/v2\/tags?post=114163"}],"curies":[{"name":"wp","href":"https:\/\/api.w.org\/{rel}","templated":true}]}}