{"id":114166,"date":"2025-04-20T13:18:52","date_gmt":"2025-04-20T10:18:52","guid":{"rendered":"https:\/\/www.giurgiuveanul.ro\/stiri\/?p=114166"},"modified":"2025-04-20T13:18:52","modified_gmt":"2025-04-20T10:18:52","slug":"daniel-badea-primarul-comunei-crevedia-mare-mesaj-de-sfintele-pasti","status":"publish","type":"post","link":"https:\/\/www.giurgiuveanul.ro\/stiri\/daniel-badea-primarul-comunei-crevedia-mare-mesaj-de-sfintele-pasti\/","title":{"rendered":"Daniel Badea, primarul comunei Crevedia Mare, mesaj de Sfintele Pa\u015fti"},"content":{"rendered":"<p><a href=\"https:\/\/www.giurgiuveanul.ro\/stiri\/wp-content\/uploads\/2025\/04\/DANIEL-BADEA.jpg\"><img loading=\"lazy\" decoding=\"async\" class=\"aligncenter  wp-image-114167\" src=\"https:\/\/www.giurgiuveanul.ro\/stiri\/wp-content\/uploads\/2025\/04\/DANIEL-BADEA-520x450.jpg\" alt=\"\" width=\"779\" height=\"674\" srcset=\"https:\/\/www.giurgiuveanul.ro\/stiri\/wp-content\/uploads\/2025\/04\/DANIEL-BADEA-520x450.jpg 520w, https:\/\/www.giurgiuveanul.ro\/stiri\/wp-content\/uploads\/2025\/04\/DANIEL-BADEA-250x216.jpg 250w, https:\/\/www.giurgiuveanul.ro\/stiri\/wp-content\/uploads\/2025\/04\/DANIEL-BADEA-768x665.jpg 768w, https:\/\/www.giurgiuveanul.ro\/stiri\/wp-content\/uploads\/2025\/04\/DANIEL-BADEA-400x346.jpg 400w, https:\/\/www.giurgiuveanul.ro\/stiri\/wp-content\/uploads\/2025\/04\/DANIEL-BADEA.jpg 900w\" sizes=\"auto, (max-width: 779px) 100vw, 779px\" \/><\/a>Dragi cet\u0103\u021beni ai Comunei Crevedia Mare,<!--more--><\/p>\n<p>Cu ocazia Sfintelor S\u0103rb\u0103tori de Pa\u0219te, v\u0103 transmit cele mai calde g\u00e2nduri de s\u0103n\u0103tate, pace \u0219i bucurie al\u0103turi de cei dragi.<\/p>\n<p>Fie ca lumina \u00cenvierii Domnului s\u0103 ne aduc\u0103 tuturor speran\u021b\u0103, \u00een\u021belepciune \u0219i puterea de a merge mai departe cu \u00eencredere, unitate \u0219i curaj.<\/p>\n<p>V\u0103 mul\u021bumesc pentru sprijinul, \u00eencrederea \u0219i implicarea voastr\u0103 \u00een via\u021ba comunit\u0103\u021bii noastre. \u00cempreun\u0103 putem construi un viitor mai bun pentru Crevedia Mare.<\/p>\n<p>Pa\u0219te fericit!<\/p>\n<p>Cu respect,<br \/>\nDaniel Badea,<br \/>\nPrimarul Comunei Crevedia Mare<\/p>\n","protected":false},"excerpt":{"rendered":"<p>Dragi cet\u0103\u021beni ai Comunei Crevedia Mare,<\/p>\n","protected":false},"author":1,"featured_media":0,"comment_status":"open","ping_status":"open","sticky":false,"template":"","format":"standard","meta":{"footnotes":""},"categories":[4],"tags":[],"class_list":["post-114166","post","type-post","status-publish","format-standard","hentry","category-special"],"_links":{"self":[{"href":"https:\/\/www.giurgiuveanul.ro\/stiri\/wp-json\/wp\/v2\/posts\/114166","targetHints":{"allow":["GET"]}}],"collection":[{"href":"https:\/\/www.giurgiuveanul.ro\/stiri\/wp-json\/wp\/v2\/posts"}],"about":[{"href":"https:\/\/www.giurgiuveanul.ro\/stiri\/wp-json\/wp\/v2\/types\/post"}],"author":[{"embeddable":true,"href":"https:\/\/www.giurgiuveanul.ro\/stiri\/wp-json\/wp\/v2\/users\/1"}],"replies":[{"embeddable":true,"href":"https:\/\/www.giurgiuveanul.ro\/stiri\/wp-json\/wp\/v2\/comments?post=114166"}],"version-history":[{"count":1,"href":"https:\/\/www.giurgiuveanul.ro\/stiri\/wp-json\/wp\/v2\/posts\/114166\/revisions"}],"predecessor-version":[{"id":114168,"href":"https:\/\/www.giurgiuveanul.ro\/stiri\/wp-json\/wp\/v2\/posts\/114166\/revisions\/114168"}],"wp:attachment":[{"href":"https:\/\/www.giurgiuveanul.ro\/stiri\/wp-json\/wp\/v2\/media?parent=114166"}],"wp:term":[{"taxonomy":"category","embeddable":true,"href":"https:\/\/www.giurgiuveanul.ro\/stiri\/wp-json\/wp\/v2\/categories?post=114166"},{"taxonomy":"post_tag","embeddable":true,"href":"https:\/\/www.giurgiuveanul.ro\/stiri\/wp-json\/wp\/v2\/tags?post=114166"}],"curies":[{"name":"wp","href":"https:\/\/api.w.org\/{rel}","templated":true}]}}