{"id":114169,"date":"2025-04-20T13:21:23","date_gmt":"2025-04-20T10:21:23","guid":{"rendered":"https:\/\/www.giurgiuveanul.ro\/stiri\/?p=114169"},"modified":"2025-04-20T13:21:23","modified_gmt":"2025-04-20T10:21:23","slug":"marian-taga-primarul-comunei-vedea-mesaj-de-sfintele-pasti","status":"publish","type":"post","link":"https:\/\/www.giurgiuveanul.ro\/stiri\/marian-taga-primarul-comunei-vedea-mesaj-de-sfintele-pasti\/","title":{"rendered":"Marian \u0162aga, primarul comunei Vedea, mesaj de Sfintele Pa\u015fti"},"content":{"rendered":"<p><a href=\"https:\/\/www.giurgiuveanul.ro\/stiri\/wp-content\/uploads\/2025\/04\/000-marian-taga.jpg\"><img loading=\"lazy\" decoding=\"async\" class=\"aligncenter  wp-image-114170\" src=\"https:\/\/www.giurgiuveanul.ro\/stiri\/wp-content\/uploads\/2025\/04\/000-marian-taga-553x450.jpg\" alt=\"\" width=\"728\" height=\"592\" srcset=\"https:\/\/www.giurgiuveanul.ro\/stiri\/wp-content\/uploads\/2025\/04\/000-marian-taga-553x450.jpg 553w, https:\/\/www.giurgiuveanul.ro\/stiri\/wp-content\/uploads\/2025\/04\/000-marian-taga-250x203.jpg 250w, https:\/\/www.giurgiuveanul.ro\/stiri\/wp-content\/uploads\/2025\/04\/000-marian-taga-768x625.jpg 768w, https:\/\/www.giurgiuveanul.ro\/stiri\/wp-content\/uploads\/2025\/04\/000-marian-taga-400x325.jpg 400w, https:\/\/www.giurgiuveanul.ro\/stiri\/wp-content\/uploads\/2025\/04\/000-marian-taga.jpg 1044w\" sizes=\"auto, (max-width: 728px) 100vw, 728px\" \/><\/a>Cu prilejul Sfintelor S\u0103rb\u0103tori ale \u00cenvierii Domnului,<!--more--> v\u0103 adresez cele mai calde ur\u0103ri de s\u0103n\u0103tate, lini\u0219te \u0219i \u00eempliniri al\u0103turi de cei dragi.<\/p>\n<p>Pa\u0219tele este o s\u0103rb\u0103toare plin\u0103 de lumin\u0103 \u0219i speran\u021b\u0103, un moment \u00een care, ca \u0219i comunitate, ne reg\u0103sim \u00een credin\u021b\u0103 \u0219i iubire. Este perioada \u00een care s\u0103 ne \u00eent\u0103rim leg\u0103turile care ne unesc, s\u0103 reflect\u0103m asupra darurilor pe care le avem \u0219i s\u0103 ne deschidem inimile pentru a primi binecuv\u00e2nt\u0103rile divine.<\/p>\n<p>\u00cen aceste zile sfinte, s\u0103 l\u0103s\u0103m \u00een urm\u0103 grijile \u0219i s\u0103 tr\u0103im fiecare moment cu bucuria \u00cenvierii. Este un timp de rena\u0219tere nu doar spiritual\u0103, ci \u0219i a rela\u021biilor dintre noi. S\u0103 fim mai \u00een\u021beleg\u0103tori, mai iert\u0103tori \u0219i s\u0103 p\u0103str\u0103m \u00een suflet toat\u0103 c\u0103ldura \u0219i iubirea pe care aceast\u0103 s\u0103rb\u0103toare le aduce.<\/p>\n<p>V\u0103 doresc ca aceste zile de Pa\u0219te s\u0103 fie pline de lumin\u0103, pace \u0219i armonie, iar fiecare dintre voi s\u0103 simt\u0103 adev\u0103rata bucurie a acestei perioade. Fie ca Lumina \u00cenvierii s\u0103 v\u0103 c\u0103l\u0103uzeasc\u0103 \u00een toate ac\u021biunile voastre \u0219i s\u0103 aduc\u0103 speran\u021b\u0103 \u0219i putere pentru a dep\u0103\u0219i orice provocare.<\/p>\n<p>S\u0103 ne p\u0103str\u0103m tradi\u021biile \u0219i s\u0103 fim o comunitate unit\u0103, care se sprijin\u0103 \u0219i lupt\u0103 pentru un viitor mai bun.<\/p>\n<p>Hristos a \u00eenviat!<\/p>\n<p>Cu respect \u0219i pre\u021buire,<br \/>\nMarian \u0162aga,<br \/>\nPrimarul Comunei Vedea<\/p>\n","protected":false},"excerpt":{"rendered":"<p>Cu prilejul Sfintelor S\u0103rb\u0103tori ale \u00cenvierii Domnului,<\/p>\n","protected":false},"author":1,"featured_media":0,"comment_status":"open","ping_status":"open","sticky":false,"template":"","format":"standard","meta":{"footnotes":""},"categories":[4],"tags":[],"class_list":["post-114169","post","type-post","status-publish","format-standard","hentry","category-special"],"_links":{"self":[{"href":"https:\/\/www.giurgiuveanul.ro\/stiri\/wp-json\/wp\/v2\/posts\/114169","targetHints":{"allow":["GET"]}}],"collection":[{"href":"https:\/\/www.giurgiuveanul.ro\/stiri\/wp-json\/wp\/v2\/posts"}],"about":[{"href":"https:\/\/www.giurgiuveanul.ro\/stiri\/wp-json\/wp\/v2\/types\/post"}],"author":[{"embeddable":true,"href":"https:\/\/www.giurgiuveanul.ro\/stiri\/wp-json\/wp\/v2\/users\/1"}],"replies":[{"embeddable":true,"href":"https:\/\/www.giurgiuveanul.ro\/stiri\/wp-json\/wp\/v2\/comments?post=114169"}],"version-history":[{"count":1,"href":"https:\/\/www.giurgiuveanul.ro\/stiri\/wp-json\/wp\/v2\/posts\/114169\/revisions"}],"predecessor-version":[{"id":114171,"href":"https:\/\/www.giurgiuveanul.ro\/stiri\/wp-json\/wp\/v2\/posts\/114169\/revisions\/114171"}],"wp:attachment":[{"href":"https:\/\/www.giurgiuveanul.ro\/stiri\/wp-json\/wp\/v2\/media?parent=114169"}],"wp:term":[{"taxonomy":"category","embeddable":true,"href":"https:\/\/www.giurgiuveanul.ro\/stiri\/wp-json\/wp\/v2\/categories?post=114169"},{"taxonomy":"post_tag","embeddable":true,"href":"https:\/\/www.giurgiuveanul.ro\/stiri\/wp-json\/wp\/v2\/tags?post=114169"}],"curies":[{"name":"wp","href":"https:\/\/api.w.org\/{rel}","templated":true}]}}