{"id":114172,"date":"2025-04-20T13:24:46","date_gmt":"2025-04-20T10:24:46","guid":{"rendered":"https:\/\/www.giurgiuveanul.ro\/stiri\/?p=114172"},"modified":"2025-04-20T13:24:46","modified_gmt":"2025-04-20T10:24:46","slug":"catalin-preda-primarul-comunei-ogrezeni-mesaj-de-sfintele-pasti","status":"publish","type":"post","link":"https:\/\/www.giurgiuveanul.ro\/stiri\/catalin-preda-primarul-comunei-ogrezeni-mesaj-de-sfintele-pasti\/","title":{"rendered":"C\u0103t\u0103lin Preda, primarul comunei Ogrezeni, mesaj de Sfintele Pa\u015fti"},"content":{"rendered":"<p style=\"text-align: justify;\"><a href=\"https:\/\/www.giurgiuveanul.ro\/stiri\/wp-content\/uploads\/2025\/04\/FLORIN-PREDA.jpg\"><img loading=\"lazy\" decoding=\"async\" class=\"aligncenter  wp-image-114173\" src=\"https:\/\/www.giurgiuveanul.ro\/stiri\/wp-content\/uploads\/2025\/04\/FLORIN-PREDA-490x450.jpg\" alt=\"\" width=\"878\" height=\"806\" srcset=\"https:\/\/www.giurgiuveanul.ro\/stiri\/wp-content\/uploads\/2025\/04\/FLORIN-PREDA-490x450.jpg 490w, https:\/\/www.giurgiuveanul.ro\/stiri\/wp-content\/uploads\/2025\/04\/FLORIN-PREDA-250x229.jpg 250w, https:\/\/www.giurgiuveanul.ro\/stiri\/wp-content\/uploads\/2025\/04\/FLORIN-PREDA-768x705.jpg 768w, https:\/\/www.giurgiuveanul.ro\/stiri\/wp-content\/uploads\/2025\/04\/FLORIN-PREDA-400x367.jpg 400w, https:\/\/www.giurgiuveanul.ro\/stiri\/wp-content\/uploads\/2025\/04\/FLORIN-PREDA.jpg 800w\" sizes=\"auto, (max-width: 878px) 100vw, 878px\" \/><\/a>Cu ocazia Sfintelor S\u0103rb\u0103tori de Pa\u0219te,<!--more--> v\u0103 transmit cele mai calde g\u00e2nduri \u0219i ur\u0103ri de bine. Fie ca Lumina \u00cenvierii Domnului s\u0103 v\u0103 aduc\u0103 pace \u00een suflete, s\u0103n\u0103tate, speran\u021b\u0103 \u0219i bucurii al\u0103turi de cei dragi.<\/p>\n<p style=\"text-align: justify;\">Pa\u0219tele este s\u0103rb\u0103toarea rena\u0219terii \u0219i a credin\u021bei, un prilej de reflec\u021bie, iertare \u0219i apropiere de valorile care ne unesc ca oameni \u0219i ca comunitate. S\u0103 pre\u021buim lini\u0219tea acestor zile, s\u0103 p\u0103str\u0103m vie tradi\u021bia \u0219i s\u0103 ne \u00eent\u0103rim \u00een credin\u021b\u0103.<\/p>\n<p style=\"text-align: justify;\">V\u0103 doresc ca fiecare clip\u0103 s\u0103 v\u0103 fie binecuv\u00e2ntat\u0103, iar speran\u021ba s\u0103 v\u0103 \u00eenso\u021beasc\u0103 \u00een fiecare pas.<\/p>\n<p style=\"text-align: justify;\">Hristos a \u00eenviat!<\/p>\n<p style=\"text-align: justify;\">Cu aleas\u0103 pre\u021buire,<br \/>\nC\u0103t\u0103lin Preda,<br \/>\nPrimarul Comunei Ogrezeni<\/p>\n","protected":false},"excerpt":{"rendered":"<p>Cu ocazia Sfintelor S\u0103rb\u0103tori de Pa\u0219te,<\/p>\n","protected":false},"author":1,"featured_media":0,"comment_status":"open","ping_status":"open","sticky":false,"template":"","format":"standard","meta":{"footnotes":""},"categories":[4],"tags":[],"class_list":["post-114172","post","type-post","status-publish","format-standard","hentry","category-special"],"_links":{"self":[{"href":"https:\/\/www.giurgiuveanul.ro\/stiri\/wp-json\/wp\/v2\/posts\/114172","targetHints":{"allow":["GET"]}}],"collection":[{"href":"https:\/\/www.giurgiuveanul.ro\/stiri\/wp-json\/wp\/v2\/posts"}],"about":[{"href":"https:\/\/www.giurgiuveanul.ro\/stiri\/wp-json\/wp\/v2\/types\/post"}],"author":[{"embeddable":true,"href":"https:\/\/www.giurgiuveanul.ro\/stiri\/wp-json\/wp\/v2\/users\/1"}],"replies":[{"embeddable":true,"href":"https:\/\/www.giurgiuveanul.ro\/stiri\/wp-json\/wp\/v2\/comments?post=114172"}],"version-history":[{"count":1,"href":"https:\/\/www.giurgiuveanul.ro\/stiri\/wp-json\/wp\/v2\/posts\/114172\/revisions"}],"predecessor-version":[{"id":114174,"href":"https:\/\/www.giurgiuveanul.ro\/stiri\/wp-json\/wp\/v2\/posts\/114172\/revisions\/114174"}],"wp:attachment":[{"href":"https:\/\/www.giurgiuveanul.ro\/stiri\/wp-json\/wp\/v2\/media?parent=114172"}],"wp:term":[{"taxonomy":"category","embeddable":true,"href":"https:\/\/www.giurgiuveanul.ro\/stiri\/wp-json\/wp\/v2\/categories?post=114172"},{"taxonomy":"post_tag","embeddable":true,"href":"https:\/\/www.giurgiuveanul.ro\/stiri\/wp-json\/wp\/v2\/tags?post=114172"}],"curies":[{"name":"wp","href":"https:\/\/api.w.org\/{rel}","templated":true}]}}