{"id":114178,"date":"2025-04-20T13:31:31","date_gmt":"2025-04-20T10:31:31","guid":{"rendered":"https:\/\/www.giurgiuveanul.ro\/stiri\/?p=114178"},"modified":"2025-04-20T13:31:31","modified_gmt":"2025-04-20T10:31:31","slug":"constantin-carapanceanu-primarul-comunei-ghimpati-mesaj-de-sfintele-pasti-3","status":"publish","type":"post","link":"https:\/\/www.giurgiuveanul.ro\/stiri\/constantin-carapanceanu-primarul-comunei-ghimpati-mesaj-de-sfintele-pasti-3\/","title":{"rendered":"Constantin C\u0103r\u0103p\u0103nceanu, primarul comunei Ghimpa\u021bi, mesaj de Sfintele Pa\u015fti"},"content":{"rendered":"<p style=\"text-align: justify;\"><a href=\"https:\/\/www.giurgiuveanul.ro\/stiri\/wp-content\/uploads\/2025\/04\/carapanceanu.jpg\"><img loading=\"lazy\" decoding=\"async\" class=\"aligncenter  wp-image-114179\" src=\"https:\/\/www.giurgiuveanul.ro\/stiri\/wp-content\/uploads\/2025\/04\/carapanceanu-553x450.jpg\" alt=\"\" width=\"784\" height=\"638\" srcset=\"https:\/\/www.giurgiuveanul.ro\/stiri\/wp-content\/uploads\/2025\/04\/carapanceanu-553x450.jpg 553w, https:\/\/www.giurgiuveanul.ro\/stiri\/wp-content\/uploads\/2025\/04\/carapanceanu-250x203.jpg 250w, https:\/\/www.giurgiuveanul.ro\/stiri\/wp-content\/uploads\/2025\/04\/carapanceanu-768x625.jpg 768w, https:\/\/www.giurgiuveanul.ro\/stiri\/wp-content\/uploads\/2025\/04\/carapanceanu-400x325.jpg 400w, https:\/\/www.giurgiuveanul.ro\/stiri\/wp-content\/uploads\/2025\/04\/carapanceanu.jpg 900w\" sizes=\"auto, (max-width: 784px) 100vw, 784px\" \/><\/a>Cu ocazia Sfintelor S\u0103rb\u0103tori Pascale,<!--more--> v\u0103 transmit cele mai sincere ur\u0103ri de s\u0103n\u0103tate, pace \u0219i bucurie al\u0103turi de familiile dumneavoastr\u0103.<\/p>\n<p style=\"text-align: justify;\">\u00cenvierea Domnului este temelia credin\u021bei noastre \u0219i un prilej de \u00eent\u0103rire sufleteasc\u0103. Este timpul \u00een care ne reg\u0103sim mai aproape unii de al\u021bii, \u00een lumin\u0103 \u0219i speran\u021b\u0103, l\u0103s\u00e2nd \u00een urm\u0103 grija \u0219i \u00eendoiala. S\u0103 primim Lumina Sf\u00e2nt\u0103 \u00een sufletele noastre \u0219i s\u0103 p\u0103\u0219im cu \u00eencredere spre un viitor mai bun.<\/p>\n<p style=\"text-align: justify;\">V\u0103 doresc ca Pa\u0219tele s\u0103 v\u0103 aduc\u0103 lini\u0219te \u00een case, dragoste \u00een inimi \u0219i speran\u021b\u0103 \u00een fiecare zi.<\/p>\n<p style=\"text-align: justify;\">Hristos a \u00eenviat!<\/p>\n<p style=\"text-align: justify;\">Cu respect \u0219i pre\u021buire,<br \/>\nConstantin C\u0103r\u0103p\u0103nceanu,<br \/>\nPrimarul Comunei Ghimpa\u021bi<\/p>\n","protected":false},"excerpt":{"rendered":"<p>Cu ocazia Sfintelor S\u0103rb\u0103tori Pascale,<\/p>\n","protected":false},"author":1,"featured_media":0,"comment_status":"open","ping_status":"open","sticky":false,"template":"","format":"standard","meta":{"footnotes":""},"categories":[4],"tags":[],"class_list":["post-114178","post","type-post","status-publish","format-standard","hentry","category-special"],"_links":{"self":[{"href":"https:\/\/www.giurgiuveanul.ro\/stiri\/wp-json\/wp\/v2\/posts\/114178","targetHints":{"allow":["GET"]}}],"collection":[{"href":"https:\/\/www.giurgiuveanul.ro\/stiri\/wp-json\/wp\/v2\/posts"}],"about":[{"href":"https:\/\/www.giurgiuveanul.ro\/stiri\/wp-json\/wp\/v2\/types\/post"}],"author":[{"embeddable":true,"href":"https:\/\/www.giurgiuveanul.ro\/stiri\/wp-json\/wp\/v2\/users\/1"}],"replies":[{"embeddable":true,"href":"https:\/\/www.giurgiuveanul.ro\/stiri\/wp-json\/wp\/v2\/comments?post=114178"}],"version-history":[{"count":1,"href":"https:\/\/www.giurgiuveanul.ro\/stiri\/wp-json\/wp\/v2\/posts\/114178\/revisions"}],"predecessor-version":[{"id":114180,"href":"https:\/\/www.giurgiuveanul.ro\/stiri\/wp-json\/wp\/v2\/posts\/114178\/revisions\/114180"}],"wp:attachment":[{"href":"https:\/\/www.giurgiuveanul.ro\/stiri\/wp-json\/wp\/v2\/media?parent=114178"}],"wp:term":[{"taxonomy":"category","embeddable":true,"href":"https:\/\/www.giurgiuveanul.ro\/stiri\/wp-json\/wp\/v2\/categories?post=114178"},{"taxonomy":"post_tag","embeddable":true,"href":"https:\/\/www.giurgiuveanul.ro\/stiri\/wp-json\/wp\/v2\/tags?post=114178"}],"curies":[{"name":"wp","href":"https:\/\/api.w.org\/{rel}","templated":true}]}}