{"id":114181,"date":"2025-04-20T13:34:34","date_gmt":"2025-04-20T10:34:34","guid":{"rendered":"https:\/\/www.giurgiuveanul.ro\/stiri\/?p=114181"},"modified":"2025-04-20T13:34:34","modified_gmt":"2025-04-20T10:34:34","slug":"danut-mitrea-primarul-comunei-stanesti-mesaj-de-sfintele-pasti-2","status":"publish","type":"post","link":"https:\/\/www.giurgiuveanul.ro\/stiri\/danut-mitrea-primarul-comunei-stanesti-mesaj-de-sfintele-pasti-2\/","title":{"rendered":"D\u0103nu\u021b Mitrea, primarul comunei St\u0103ne\u0219ti, mesaj de Sfintele Pa\u015fti"},"content":{"rendered":"<p><a href=\"https:\/\/www.giurgiuveanul.ro\/stiri\/wp-content\/uploads\/2025\/04\/1-14.jpg\"><img loading=\"lazy\" decoding=\"async\" class=\"aligncenter  wp-image-114182\" src=\"https:\/\/www.giurgiuveanul.ro\/stiri\/wp-content\/uploads\/2025\/04\/1-14-560x439.jpg\" alt=\"\" width=\"776\" height=\"608\" srcset=\"https:\/\/www.giurgiuveanul.ro\/stiri\/wp-content\/uploads\/2025\/04\/1-14-560x439.jpg 560w, https:\/\/www.giurgiuveanul.ro\/stiri\/wp-content\/uploads\/2025\/04\/1-14-250x196.jpg 250w, https:\/\/www.giurgiuveanul.ro\/stiri\/wp-content\/uploads\/2025\/04\/1-14-768x602.jpg 768w, https:\/\/www.giurgiuveanul.ro\/stiri\/wp-content\/uploads\/2025\/04\/1-14-400x314.jpg 400w, https:\/\/www.giurgiuveanul.ro\/stiri\/wp-content\/uploads\/2025\/04\/1-14.jpg 900w\" sizes=\"auto, (max-width: 776px) 100vw, 776px\" \/><\/a>Cu prilejul Sfintelor S\u0103rb\u0103tori ale \u00cenvierii Domnului,<!--more--> v\u0103 transmit cele mai sincere ur\u0103ri de s\u0103n\u0103tate, lini\u0219te sufleteasc\u0103 \u0219i bucurie al\u0103turi de cei dragi.<\/p>\n<p>Pa\u0219tele este o s\u0103rb\u0103toare a speran\u021bei \u0219i a re\u00eennoirii, un moment \u00een care fiecare dintre noi are ocazia s\u0103 se reg\u0103seasc\u0103 \u00een credin\u021b\u0103 \u0219i \u00een iubire fa\u021b\u0103 de semeni. Este timpul \u00een care, \u00een lumina \u00cenvierii, trebuie s\u0103 ne aducem aminte de importan\u021ba solidarit\u0103\u021bii, a \u00een\u021belegerii \u0219i a iert\u0103rii.<\/p>\n<p>Fie ca aceste zile de Pa\u0219te s\u0103 aduc\u0103 \u00een casele voastre pace, s\u0103n\u0103tate \u0219i \u00eemplinire. S\u0103 fim mai buni unii cu al\u021bii, s\u0103 p\u0103str\u0103m tradi\u021biile noastre str\u0103mo\u0219e\u0219ti \u0219i s\u0103 lucr\u0103m \u00eempreun\u0103 pentru un viitor mai bun pentru comunitatea noastr\u0103.<\/p>\n<p>V\u0103 doresc un Pa\u0219te binecuv\u00e2ntat, plin de momente frumoase \u0219i \u00een\u0103l\u021b\u0103toare, iar Lumina \u00cenvierii s\u0103 v\u0103 c\u0103l\u0103uzeasc\u0103 pa\u0219ii \u00een fiecare zi.<\/p>\n<p>Hristos a \u00eenviat!<\/p>\n<p>Cu respect,<br \/>\nD\u0103nu\u021b Mitrea,<br \/>\nPrimarul Comunei St\u0103ne\u0219ti<\/p>\n","protected":false},"excerpt":{"rendered":"<p>Cu prilejul Sfintelor S\u0103rb\u0103tori ale \u00cenvierii Domnului,<\/p>\n","protected":false},"author":1,"featured_media":0,"comment_status":"open","ping_status":"open","sticky":false,"template":"","format":"standard","meta":{"footnotes":""},"categories":[4],"tags":[],"class_list":["post-114181","post","type-post","status-publish","format-standard","hentry","category-special"],"_links":{"self":[{"href":"https:\/\/www.giurgiuveanul.ro\/stiri\/wp-json\/wp\/v2\/posts\/114181","targetHints":{"allow":["GET"]}}],"collection":[{"href":"https:\/\/www.giurgiuveanul.ro\/stiri\/wp-json\/wp\/v2\/posts"}],"about":[{"href":"https:\/\/www.giurgiuveanul.ro\/stiri\/wp-json\/wp\/v2\/types\/post"}],"author":[{"embeddable":true,"href":"https:\/\/www.giurgiuveanul.ro\/stiri\/wp-json\/wp\/v2\/users\/1"}],"replies":[{"embeddable":true,"href":"https:\/\/www.giurgiuveanul.ro\/stiri\/wp-json\/wp\/v2\/comments?post=114181"}],"version-history":[{"count":1,"href":"https:\/\/www.giurgiuveanul.ro\/stiri\/wp-json\/wp\/v2\/posts\/114181\/revisions"}],"predecessor-version":[{"id":114183,"href":"https:\/\/www.giurgiuveanul.ro\/stiri\/wp-json\/wp\/v2\/posts\/114181\/revisions\/114183"}],"wp:attachment":[{"href":"https:\/\/www.giurgiuveanul.ro\/stiri\/wp-json\/wp\/v2\/media?parent=114181"}],"wp:term":[{"taxonomy":"category","embeddable":true,"href":"https:\/\/www.giurgiuveanul.ro\/stiri\/wp-json\/wp\/v2\/categories?post=114181"},{"taxonomy":"post_tag","embeddable":true,"href":"https:\/\/www.giurgiuveanul.ro\/stiri\/wp-json\/wp\/v2\/tags?post=114181"}],"curies":[{"name":"wp","href":"https:\/\/api.w.org\/{rel}","templated":true}]}}