{"id":114184,"date":"2025-04-20T13:38:07","date_gmt":"2025-04-20T10:38:07","guid":{"rendered":"https:\/\/www.giurgiuveanul.ro\/stiri\/?p=114184"},"modified":"2025-04-20T13:38:07","modified_gmt":"2025-04-20T10:38:07","slug":"viorel-rotaru-primarul-comunei-baneasa-mesaj-de-sfintele-pasti-3","status":"publish","type":"post","link":"https:\/\/www.giurgiuveanul.ro\/stiri\/viorel-rotaru-primarul-comunei-baneasa-mesaj-de-sfintele-pasti-3\/","title":{"rendered":"Viorel Rotaru, primarul comunei B\u0103neasa, mesaj de Sfintele Pa\u015fti"},"content":{"rendered":"<p style=\"text-align: justify;\"><a href=\"https:\/\/www.giurgiuveanul.ro\/stiri\/wp-content\/uploads\/2025\/04\/WhatsApp-Image-2022-12-25-at-14.23.23.jpeg\"><img loading=\"lazy\" decoding=\"async\" class=\"aligncenter  wp-image-114185\" src=\"https:\/\/www.giurgiuveanul.ro\/stiri\/wp-content\/uploads\/2025\/04\/WhatsApp-Image-2022-12-25-at-14.23.23-521x450.jpeg\" alt=\"\" width=\"743\" height=\"642\" srcset=\"https:\/\/www.giurgiuveanul.ro\/stiri\/wp-content\/uploads\/2025\/04\/WhatsApp-Image-2022-12-25-at-14.23.23-521x450.jpeg 521w, https:\/\/www.giurgiuveanul.ro\/stiri\/wp-content\/uploads\/2025\/04\/WhatsApp-Image-2022-12-25-at-14.23.23-250x216.jpeg 250w, https:\/\/www.giurgiuveanul.ro\/stiri\/wp-content\/uploads\/2025\/04\/WhatsApp-Image-2022-12-25-at-14.23.23-768x664.jpeg 768w, https:\/\/www.giurgiuveanul.ro\/stiri\/wp-content\/uploads\/2025\/04\/WhatsApp-Image-2022-12-25-at-14.23.23-400x346.jpeg 400w, https:\/\/www.giurgiuveanul.ro\/stiri\/wp-content\/uploads\/2025\/04\/WhatsApp-Image-2022-12-25-at-14.23.23.jpeg 900w\" sizes=\"auto, (max-width: 743px) 100vw, 743px\" \/><\/a>Cu prilejul Sfintelor S\u0103rb\u0103tori ale \u00cenvierii Domnului,<!--more--> v\u0103 transmit cele mai alese g\u00e2nduri de s\u0103n\u0103tate, lini\u0219te \u0219i \u00eempliniri al\u0103turi de familiile dumneavoastr\u0103.<\/p>\n<p style=\"text-align: justify;\">Pa\u0219tele este s\u0103rb\u0103toarea care ne aduce \u00eempreun\u0103 \u00een jurul valorilor cre\u0219tine ce ne definesc ca popor: credin\u021ba, speran\u021ba, iubirea \u0219i iertarea. Este un moment de luminare sufleteasc\u0103 \u0219i de rena\u0219tere, at\u00e2t spiritual\u0103 c\u00e2t \u0219i comunitar\u0103.<\/p>\n<p style=\"text-align: justify;\">Fie ca aceast\u0103 lumin\u0103 sf\u00e2nt\u0103 a \u00cenvierii s\u0103 v\u0103 umple casele de pace, inimile de bucurie \u0219i via\u021ba de roade binecuv\u00e2ntate. S\u0103 privim cu \u00eencredere spre viitor \u0219i s\u0103 r\u0103m\u00e2nem uni\u021bi \u00een fapte bune pentru comuna noastr\u0103.<\/p>\n<p style=\"text-align: justify;\">Hristos a \u00eenviat!<\/p>\n<p style=\"text-align: justify;\">Cu aleas\u0103 considera\u021bie,<br \/>\nViorel Rotaru,<br \/>\nPrimarul Comunei B\u0103neasa<\/p>\n","protected":false},"excerpt":{"rendered":"<p>Cu prilejul Sfintelor S\u0103rb\u0103tori ale \u00cenvierii Domnului,<\/p>\n","protected":false},"author":1,"featured_media":0,"comment_status":"open","ping_status":"open","sticky":false,"template":"","format":"standard","meta":{"footnotes":""},"categories":[4],"tags":[],"class_list":["post-114184","post","type-post","status-publish","format-standard","hentry","category-special"],"_links":{"self":[{"href":"https:\/\/www.giurgiuveanul.ro\/stiri\/wp-json\/wp\/v2\/posts\/114184","targetHints":{"allow":["GET"]}}],"collection":[{"href":"https:\/\/www.giurgiuveanul.ro\/stiri\/wp-json\/wp\/v2\/posts"}],"about":[{"href":"https:\/\/www.giurgiuveanul.ro\/stiri\/wp-json\/wp\/v2\/types\/post"}],"author":[{"embeddable":true,"href":"https:\/\/www.giurgiuveanul.ro\/stiri\/wp-json\/wp\/v2\/users\/1"}],"replies":[{"embeddable":true,"href":"https:\/\/www.giurgiuveanul.ro\/stiri\/wp-json\/wp\/v2\/comments?post=114184"}],"version-history":[{"count":1,"href":"https:\/\/www.giurgiuveanul.ro\/stiri\/wp-json\/wp\/v2\/posts\/114184\/revisions"}],"predecessor-version":[{"id":114186,"href":"https:\/\/www.giurgiuveanul.ro\/stiri\/wp-json\/wp\/v2\/posts\/114184\/revisions\/114186"}],"wp:attachment":[{"href":"https:\/\/www.giurgiuveanul.ro\/stiri\/wp-json\/wp\/v2\/media?parent=114184"}],"wp:term":[{"taxonomy":"category","embeddable":true,"href":"https:\/\/www.giurgiuveanul.ro\/stiri\/wp-json\/wp\/v2\/categories?post=114184"},{"taxonomy":"post_tag","embeddable":true,"href":"https:\/\/www.giurgiuveanul.ro\/stiri\/wp-json\/wp\/v2\/tags?post=114184"}],"curies":[{"name":"wp","href":"https:\/\/api.w.org\/{rel}","templated":true}]}}