{"id":114187,"date":"2025-04-20T13:40:51","date_gmt":"2025-04-20T10:40:51","guid":{"rendered":"https:\/\/www.giurgiuveanul.ro\/stiri\/?p=114187"},"modified":"2025-04-20T13:40:51","modified_gmt":"2025-04-20T10:40:51","slug":"florin-nidelea-primarul-comunei-clejani-mesaj-de-sfintele-pasti-3","status":"publish","type":"post","link":"https:\/\/www.giurgiuveanul.ro\/stiri\/florin-nidelea-primarul-comunei-clejani-mesaj-de-sfintele-pasti-3\/","title":{"rendered":"Florin Nidelea, primarul comunei Clejani, mesaj de Sfintele Pa\u015fti"},"content":{"rendered":"<p style=\"text-align: justify;\"><a href=\"https:\/\/www.giurgiuveanul.ro\/stiri\/wp-content\/uploads\/2025\/04\/Florin-Nidelea.jpg\"><img loading=\"lazy\" decoding=\"async\" class=\"aligncenter  wp-image-114188\" src=\"https:\/\/www.giurgiuveanul.ro\/stiri\/wp-content\/uploads\/2025\/04\/Florin-Nidelea-494x450.jpg\" alt=\"\" width=\"785\" height=\"715\" srcset=\"https:\/\/www.giurgiuveanul.ro\/stiri\/wp-content\/uploads\/2025\/04\/Florin-Nidelea-494x450.jpg 494w, https:\/\/www.giurgiuveanul.ro\/stiri\/wp-content\/uploads\/2025\/04\/Florin-Nidelea-250x228.jpg 250w, https:\/\/www.giurgiuveanul.ro\/stiri\/wp-content\/uploads\/2025\/04\/Florin-Nidelea-768x700.jpg 768w, https:\/\/www.giurgiuveanul.ro\/stiri\/wp-content\/uploads\/2025\/04\/Florin-Nidelea-400x364.jpg 400w, https:\/\/www.giurgiuveanul.ro\/stiri\/wp-content\/uploads\/2025\/04\/Florin-Nidelea.jpg 1000w\" sizes=\"auto, (max-width: 785px) 100vw, 785px\" \/><\/a>Cu ocazia Sfintelor S\u0103rb\u0103tori ale \u00cenvierii Domnului,<!--more--> v\u0103 transmit cele mai calde ur\u0103ri de s\u0103n\u0103tate, lini\u0219te sufleteasc\u0103 \u0219i \u00eempliniri al\u0103turi de cei dragi.<\/p>\n<p style=\"text-align: justify;\">Pa\u0219tele este un moment sacru de reg\u0103sire \u00een credin\u021b\u0103, de speran\u021b\u0103 \u0219i de rena\u0219tere a spiritului. \u00cen aceste zile de s\u0103rb\u0103toare, s\u0103 ne l\u0103s\u0103m cuprin\u0219i de lumina \u00cenvierii, care ne aduce pace \u0219i \u00eencredere \u00een viitor. Este un prilej de a reflecta asupra celor mai importante valori care ne definesc ca oameni: iubirea, iertarea \u0219i unitatea.<\/p>\n<p style=\"text-align: justify;\">V\u0103 doresc ca aceste s\u0103rb\u0103tori s\u0103 aduc\u0103 \u00een casele dumneavoastr\u0103 bucurii mari \u0219i momente de neuitat al\u0103turi de cei dragi. S\u0103 avem cu to\u021bii puterea de a \u00eenfrunta orice provocare, av\u00e2nd \u00een credin\u021b\u0103 \u0219i \u00een inim\u0103 lumina divin\u0103 care ne c\u0103l\u0103uze\u0219te mereu.<\/p>\n<p style=\"text-align: justify;\">Hristos a \u00eenviat!<\/p>\n<p style=\"text-align: justify;\">Cu respect \u0219i pre\u021buire,<br \/>\nFlorin Nidelea,<br \/>\nPrimarul Comunei Clejani<\/p>\n","protected":false},"excerpt":{"rendered":"<p>Cu ocazia Sfintelor S\u0103rb\u0103tori ale \u00cenvierii Domnului,<\/p>\n","protected":false},"author":1,"featured_media":0,"comment_status":"open","ping_status":"open","sticky":false,"template":"","format":"standard","meta":{"footnotes":""},"categories":[4],"tags":[],"class_list":["post-114187","post","type-post","status-publish","format-standard","hentry","category-special"],"_links":{"self":[{"href":"https:\/\/www.giurgiuveanul.ro\/stiri\/wp-json\/wp\/v2\/posts\/114187","targetHints":{"allow":["GET"]}}],"collection":[{"href":"https:\/\/www.giurgiuveanul.ro\/stiri\/wp-json\/wp\/v2\/posts"}],"about":[{"href":"https:\/\/www.giurgiuveanul.ro\/stiri\/wp-json\/wp\/v2\/types\/post"}],"author":[{"embeddable":true,"href":"https:\/\/www.giurgiuveanul.ro\/stiri\/wp-json\/wp\/v2\/users\/1"}],"replies":[{"embeddable":true,"href":"https:\/\/www.giurgiuveanul.ro\/stiri\/wp-json\/wp\/v2\/comments?post=114187"}],"version-history":[{"count":1,"href":"https:\/\/www.giurgiuveanul.ro\/stiri\/wp-json\/wp\/v2\/posts\/114187\/revisions"}],"predecessor-version":[{"id":114189,"href":"https:\/\/www.giurgiuveanul.ro\/stiri\/wp-json\/wp\/v2\/posts\/114187\/revisions\/114189"}],"wp:attachment":[{"href":"https:\/\/www.giurgiuveanul.ro\/stiri\/wp-json\/wp\/v2\/media?parent=114187"}],"wp:term":[{"taxonomy":"category","embeddable":true,"href":"https:\/\/www.giurgiuveanul.ro\/stiri\/wp-json\/wp\/v2\/categories?post=114187"},{"taxonomy":"post_tag","embeddable":true,"href":"https:\/\/www.giurgiuveanul.ro\/stiri\/wp-json\/wp\/v2\/tags?post=114187"}],"curies":[{"name":"wp","href":"https:\/\/api.w.org\/{rel}","templated":true}]}}