{"id":114193,"date":"2025-04-20T13:47:50","date_gmt":"2025-04-20T10:47:50","guid":{"rendered":"https:\/\/www.giurgiuveanul.ro\/stiri\/?p=114193"},"modified":"2025-04-20T13:47:50","modified_gmt":"2025-04-20T10:47:50","slug":"daniel-cezar-rusu-primarul-comunei-adunatii-copaceni-mesaj-de-sfintele-pasti","status":"publish","type":"post","link":"https:\/\/www.giurgiuveanul.ro\/stiri\/daniel-cezar-rusu-primarul-comunei-adunatii-copaceni-mesaj-de-sfintele-pasti\/","title":{"rendered":"Daniel Cezar Rusu, primarul comunei Aduna\u021bii Cop\u0103ceni, mesaj de Sfintele Pa\u015fti"},"content":{"rendered":"<p style=\"text-align: justify;\"><a href=\"https:\/\/www.giurgiuveanul.ro\/stiri\/wp-content\/uploads\/2025\/04\/dan-rusu.jpeg\"><img loading=\"lazy\" decoding=\"async\" class=\"aligncenter  wp-image-114194\" src=\"https:\/\/www.giurgiuveanul.ro\/stiri\/wp-content\/uploads\/2025\/04\/dan-rusu-560x425.jpeg\" alt=\"\" width=\"709\" height=\"538\" srcset=\"https:\/\/www.giurgiuveanul.ro\/stiri\/wp-content\/uploads\/2025\/04\/dan-rusu-560x425.jpeg 560w, https:\/\/www.giurgiuveanul.ro\/stiri\/wp-content\/uploads\/2025\/04\/dan-rusu-250x190.jpeg 250w, https:\/\/www.giurgiuveanul.ro\/stiri\/wp-content\/uploads\/2025\/04\/dan-rusu-768x583.jpeg 768w, https:\/\/www.giurgiuveanul.ro\/stiri\/wp-content\/uploads\/2025\/04\/dan-rusu-400x304.jpeg 400w, https:\/\/www.giurgiuveanul.ro\/stiri\/wp-content\/uploads\/2025\/04\/dan-rusu.jpeg 900w\" sizes=\"auto, (max-width: 709px) 100vw, 709px\" \/><\/a>Cu prilejul Sfintelor S\u0103rb\u0103tori ale \u00cenvierii Domnului,<!--more--> v\u0103 adresez cele mai sincere ur\u0103ri de s\u0103n\u0103tate, pace \u0219i fericire, al\u0103turi de cei dragi.<\/p>\n<p style=\"text-align: justify;\">Pa\u0219tele este o perioad\u0103 de reculegere \u0219i reflec\u021bie, \u00een care \u00eenv\u0103\u021b\u0103turile M\u00e2ntuitorului ne aduc speran\u021b\u0103 \u0219i curaj. \u00cen aceste zile sfinte, suntem chema\u021bi s\u0103 privim spre lumina \u00cenvierii cu inimile deschise \u0219i cu dorin\u021ba de a deveni mai buni, mai iert\u0103tori \u0219i mai solidari unii cu al\u021bii.<\/p>\n<p style=\"text-align: justify;\">Fie ca aceast\u0103 s\u0103rb\u0103toare s\u0103 aduc\u0103 \u00een casele voastre pace, bucurie \u0219i momente frumoase petrecute al\u0103turi de familie. S\u0103 p\u0103str\u0103m tradi\u021biile noastre, s\u0103 fim uni\u021bi \u0219i s\u0103 lucr\u0103m \u00eempreun\u0103 pentru un viitor mai bun pentru comuna Aduna\u021bii Cop\u0103ceni.<\/p>\n<p style=\"text-align: justify;\">Hristos a \u00eenviat!<\/p>\n<p style=\"text-align: justify;\">Cu respect \u0219i pre\u021buire,<br \/>\nDaniel Cezar Rusu,<br \/>\nPrimarul Comunei Aduna\u021bii Cop\u0103ceni<\/p>\n","protected":false},"excerpt":{"rendered":"<p>Cu prilejul Sfintelor S\u0103rb\u0103tori ale \u00cenvierii Domnului,<\/p>\n","protected":false},"author":1,"featured_media":0,"comment_status":"open","ping_status":"open","sticky":false,"template":"","format":"standard","meta":{"footnotes":""},"categories":[4],"tags":[],"class_list":["post-114193","post","type-post","status-publish","format-standard","hentry","category-special"],"_links":{"self":[{"href":"https:\/\/www.giurgiuveanul.ro\/stiri\/wp-json\/wp\/v2\/posts\/114193","targetHints":{"allow":["GET"]}}],"collection":[{"href":"https:\/\/www.giurgiuveanul.ro\/stiri\/wp-json\/wp\/v2\/posts"}],"about":[{"href":"https:\/\/www.giurgiuveanul.ro\/stiri\/wp-json\/wp\/v2\/types\/post"}],"author":[{"embeddable":true,"href":"https:\/\/www.giurgiuveanul.ro\/stiri\/wp-json\/wp\/v2\/users\/1"}],"replies":[{"embeddable":true,"href":"https:\/\/www.giurgiuveanul.ro\/stiri\/wp-json\/wp\/v2\/comments?post=114193"}],"version-history":[{"count":1,"href":"https:\/\/www.giurgiuveanul.ro\/stiri\/wp-json\/wp\/v2\/posts\/114193\/revisions"}],"predecessor-version":[{"id":114195,"href":"https:\/\/www.giurgiuveanul.ro\/stiri\/wp-json\/wp\/v2\/posts\/114193\/revisions\/114195"}],"wp:attachment":[{"href":"https:\/\/www.giurgiuveanul.ro\/stiri\/wp-json\/wp\/v2\/media?parent=114193"}],"wp:term":[{"taxonomy":"category","embeddable":true,"href":"https:\/\/www.giurgiuveanul.ro\/stiri\/wp-json\/wp\/v2\/categories?post=114193"},{"taxonomy":"post_tag","embeddable":true,"href":"https:\/\/www.giurgiuveanul.ro\/stiri\/wp-json\/wp\/v2\/tags?post=114193"}],"curies":[{"name":"wp","href":"https:\/\/api.w.org\/{rel}","templated":true}]}}