{"id":114196,"date":"2025-04-20T13:51:14","date_gmt":"2025-04-20T10:51:14","guid":{"rendered":"https:\/\/www.giurgiuveanul.ro\/stiri\/?p=114196"},"modified":"2025-04-20T13:51:14","modified_gmt":"2025-04-20T10:51:14","slug":"florentin-surduleasa-primarul-comunei-greaca-mesaj-de-sfintele-pasti","status":"publish","type":"post","link":"https:\/\/www.giurgiuveanul.ro\/stiri\/florentin-surduleasa-primarul-comunei-greaca-mesaj-de-sfintele-pasti\/","title":{"rendered":"Florentin Surduleasa, primarul comunei Greaca, mesaj de Sfintele Pa\u015fti"},"content":{"rendered":"<p style=\"text-align: justify;\"><a href=\"https:\/\/www.giurgiuveanul.ro\/stiri\/wp-content\/uploads\/2025\/04\/surduleasa.jpg\"><img loading=\"lazy\" decoding=\"async\" class=\"aligncenter  wp-image-114197\" src=\"https:\/\/www.giurgiuveanul.ro\/stiri\/wp-content\/uploads\/2025\/04\/surduleasa-478x450.jpg\" alt=\"\" width=\"739\" height=\"696\" srcset=\"https:\/\/www.giurgiuveanul.ro\/stiri\/wp-content\/uploads\/2025\/04\/surduleasa-478x450.jpg 478w, https:\/\/www.giurgiuveanul.ro\/stiri\/wp-content\/uploads\/2025\/04\/surduleasa-250x235.jpg 250w, https:\/\/www.giurgiuveanul.ro\/stiri\/wp-content\/uploads\/2025\/04\/surduleasa-768x723.jpg 768w, https:\/\/www.giurgiuveanul.ro\/stiri\/wp-content\/uploads\/2025\/04\/surduleasa-400x377.jpg 400w, https:\/\/www.giurgiuveanul.ro\/stiri\/wp-content\/uploads\/2025\/04\/surduleasa.jpg 800w\" sizes=\"auto, (max-width: 739px) 100vw, 739px\" \/><\/a>Cu ocazia Sfintelor S\u0103rb\u0103tori ale \u00cenvierii Domnului,<!--more--> v\u0103 transmit tuturor cele mai alese g\u00e2nduri de s\u0103n\u0103tate, pace sufleteasc\u0103 \u0219i bucurie \u00een mijlocul familiei.<\/p>\n<p style=\"text-align: justify;\">Pa\u0219tele este s\u0103rb\u0103toarea speran\u021bei \u0219i a rena\u0219terii, un prilej de reflec\u021bie \u0219i reg\u0103sire \u00een credin\u021b\u0103, iubire \u0219i bun\u0103tate. Lumina sf\u00e2nt\u0103 a \u00cenvierii s\u0103 ne c\u0103l\u0103uzeasc\u0103 inimile spre \u00een\u021belegere, iertare \u0219i solidaritate, \u00eent\u0103rindu-ne \u00een dorin\u021ba de a cl\u0103di \u00eempreun\u0103 un viitor mai bun pentru comunitatea noastr\u0103.<\/p>\n<p style=\"text-align: justify;\">Fie ca aceste zile sfinte s\u0103 v\u0103 aduc\u0103 lini\u0219te, bel\u0219ug \u00een case \u0219i \u00een suflete, iar fiecare clip\u0103 petrecut\u0103 al\u0103turi de cei dragi s\u0103 fie plin\u0103 de lumin\u0103 \u0219i speran\u021b\u0103.<\/p>\n<p style=\"text-align: justify;\">V\u0103 doresc tuturor un Pa\u0219te fericit \u0219i binecuv\u00e2ntat!<\/p>\n<p style=\"text-align: justify;\">Hristos a \u00eenviat!<\/p>\n<p style=\"text-align: justify;\">Cu respect,<br \/>\nFlorentin Surduleasa,<br \/>\nPrimarul Comunei Greaca<\/p>\n","protected":false},"excerpt":{"rendered":"<p>Cu ocazia Sfintelor S\u0103rb\u0103tori ale \u00cenvierii Domnului,<\/p>\n","protected":false},"author":1,"featured_media":0,"comment_status":"open","ping_status":"open","sticky":false,"template":"","format":"standard","meta":{"footnotes":""},"categories":[4],"tags":[],"class_list":["post-114196","post","type-post","status-publish","format-standard","hentry","category-special"],"_links":{"self":[{"href":"https:\/\/www.giurgiuveanul.ro\/stiri\/wp-json\/wp\/v2\/posts\/114196","targetHints":{"allow":["GET"]}}],"collection":[{"href":"https:\/\/www.giurgiuveanul.ro\/stiri\/wp-json\/wp\/v2\/posts"}],"about":[{"href":"https:\/\/www.giurgiuveanul.ro\/stiri\/wp-json\/wp\/v2\/types\/post"}],"author":[{"embeddable":true,"href":"https:\/\/www.giurgiuveanul.ro\/stiri\/wp-json\/wp\/v2\/users\/1"}],"replies":[{"embeddable":true,"href":"https:\/\/www.giurgiuveanul.ro\/stiri\/wp-json\/wp\/v2\/comments?post=114196"}],"version-history":[{"count":1,"href":"https:\/\/www.giurgiuveanul.ro\/stiri\/wp-json\/wp\/v2\/posts\/114196\/revisions"}],"predecessor-version":[{"id":114198,"href":"https:\/\/www.giurgiuveanul.ro\/stiri\/wp-json\/wp\/v2\/posts\/114196\/revisions\/114198"}],"wp:attachment":[{"href":"https:\/\/www.giurgiuveanul.ro\/stiri\/wp-json\/wp\/v2\/media?parent=114196"}],"wp:term":[{"taxonomy":"category","embeddable":true,"href":"https:\/\/www.giurgiuveanul.ro\/stiri\/wp-json\/wp\/v2\/categories?post=114196"},{"taxonomy":"post_tag","embeddable":true,"href":"https:\/\/www.giurgiuveanul.ro\/stiri\/wp-json\/wp\/v2\/tags?post=114196"}],"curies":[{"name":"wp","href":"https:\/\/api.w.org\/{rel}","templated":true}]}}