{"id":114199,"date":"2025-04-20T13:54:08","date_gmt":"2025-04-20T10:54:08","guid":{"rendered":"https:\/\/www.giurgiuveanul.ro\/stiri\/?p=114199"},"modified":"2025-04-20T13:54:08","modified_gmt":"2025-04-20T10:54:08","slug":"constantin-ionescu-primarul-comunei-toporu-mesaj-de-sfintele-pasti","status":"publish","type":"post","link":"https:\/\/www.giurgiuveanul.ro\/stiri\/constantin-ionescu-primarul-comunei-toporu-mesaj-de-sfintele-pasti\/","title":{"rendered":"Constantin Ionescu, primarul comunei Toporu, mesaj de Sfintele Pa\u015fti"},"content":{"rendered":"<p style=\"text-align: justify;\"><a href=\"https:\/\/www.giurgiuveanul.ro\/stiri\/wp-content\/uploads\/2025\/04\/3-1.jpg\"><img loading=\"lazy\" decoding=\"async\" class=\"aligncenter  wp-image-114200\" src=\"https:\/\/www.giurgiuveanul.ro\/stiri\/wp-content\/uploads\/2025\/04\/3-1.jpg\" alt=\"\" width=\"742\" height=\"651\" srcset=\"https:\/\/www.giurgiuveanul.ro\/stiri\/wp-content\/uploads\/2025\/04\/3-1.jpg 513w, https:\/\/www.giurgiuveanul.ro\/stiri\/wp-content\/uploads\/2025\/04\/3-1-250x219.jpg 250w, https:\/\/www.giurgiuveanul.ro\/stiri\/wp-content\/uploads\/2025\/04\/3-1-400x351.jpg 400w\" sizes=\"auto, (max-width: 742px) 100vw, 742px\" \/><\/a>Cu ocazia Sfintelor S\u0103rb\u0103tori ale \u00cenvierii Domnului,<!--more--> v\u0103 transmit din suflet cele mai sincere ur\u0103ri de s\u0103n\u0103tate, lini\u0219te \u0219i bucurii al\u0103turi de cei dragi.<\/p>\n<p style=\"text-align: justify;\">Pa\u0219tele este s\u0103rb\u0103toarea speran\u021bei, a credin\u021bei \u0219i a rena\u0219terii suflete\u0219ti. Este momentul \u00een care, cu inimile deschise, ne re\u00eentoarcem la valorile adev\u0103rate: iubirea, iertarea, compasiunea \u0219i solidaritatea. \u00cen aceste clipe de \u00een\u0103l\u021bare duhovniceasc\u0103, s\u0103 ne amintim c\u0103 \u00eempreun\u0103, prin bun\u0103tate \u0219i credin\u021b\u0103, putem construi o comunitate mai unit\u0103 \u0219i mai puternic\u0103.<\/p>\n<p style=\"text-align: justify;\">Fie ca Lumina \u00cenvierii s\u0103 v\u0103 aduc\u0103 pace \u00een suflet, bel\u0219ug \u00een case \u0219i puterea de a merge \u00eenainte cu speran\u021b\u0103 \u0219i \u00eencredere.<\/p>\n<p style=\"text-align: justify;\">Pa\u0219te fericit \u0219i binecuv\u00e2ntat!<\/p>\n<p style=\"text-align: justify;\">Hristos a \u00eenviat!<\/p>\n<p style=\"text-align: justify;\">Cu respect,<br \/>\nConstantin Ionescu,<br \/>\nPrimarul Comunei Toporu<\/p>\n","protected":false},"excerpt":{"rendered":"<p>Cu ocazia Sfintelor S\u0103rb\u0103tori ale \u00cenvierii Domnului,<\/p>\n","protected":false},"author":1,"featured_media":0,"comment_status":"open","ping_status":"open","sticky":false,"template":"","format":"standard","meta":{"footnotes":""},"categories":[4],"tags":[],"class_list":["post-114199","post","type-post","status-publish","format-standard","hentry","category-special"],"_links":{"self":[{"href":"https:\/\/www.giurgiuveanul.ro\/stiri\/wp-json\/wp\/v2\/posts\/114199","targetHints":{"allow":["GET"]}}],"collection":[{"href":"https:\/\/www.giurgiuveanul.ro\/stiri\/wp-json\/wp\/v2\/posts"}],"about":[{"href":"https:\/\/www.giurgiuveanul.ro\/stiri\/wp-json\/wp\/v2\/types\/post"}],"author":[{"embeddable":true,"href":"https:\/\/www.giurgiuveanul.ro\/stiri\/wp-json\/wp\/v2\/users\/1"}],"replies":[{"embeddable":true,"href":"https:\/\/www.giurgiuveanul.ro\/stiri\/wp-json\/wp\/v2\/comments?post=114199"}],"version-history":[{"count":1,"href":"https:\/\/www.giurgiuveanul.ro\/stiri\/wp-json\/wp\/v2\/posts\/114199\/revisions"}],"predecessor-version":[{"id":114201,"href":"https:\/\/www.giurgiuveanul.ro\/stiri\/wp-json\/wp\/v2\/posts\/114199\/revisions\/114201"}],"wp:attachment":[{"href":"https:\/\/www.giurgiuveanul.ro\/stiri\/wp-json\/wp\/v2\/media?parent=114199"}],"wp:term":[{"taxonomy":"category","embeddable":true,"href":"https:\/\/www.giurgiuveanul.ro\/stiri\/wp-json\/wp\/v2\/categories?post=114199"},{"taxonomy":"post_tag","embeddable":true,"href":"https:\/\/www.giurgiuveanul.ro\/stiri\/wp-json\/wp\/v2\/tags?post=114199"}],"curies":[{"name":"wp","href":"https:\/\/api.w.org\/{rel}","templated":true}]}}