{"id":114202,"date":"2025-04-20T13:57:42","date_gmt":"2025-04-20T10:57:42","guid":{"rendered":"https:\/\/www.giurgiuveanul.ro\/stiri\/?p=114202"},"modified":"2025-04-20T13:57:42","modified_gmt":"2025-04-20T10:57:42","slug":"adrian-florin-serban-primarul-comunei-daia-mesaj-de-sfintele-pasti-2","status":"publish","type":"post","link":"https:\/\/www.giurgiuveanul.ro\/stiri\/adrian-florin-serban-primarul-comunei-daia-mesaj-de-sfintele-pasti-2\/","title":{"rendered":"Adrian Florin \u0218erban, primarul comunei Daia, mesaj de Sfintele Pa\u015fti"},"content":{"rendered":"<p style=\"text-align: justify;\"><a href=\"https:\/\/www.giurgiuveanul.ro\/stiri\/wp-content\/uploads\/2025\/04\/WhatsApp-Image-2022-06-24-at-7.11.39-PM.jpg\"><img loading=\"lazy\" decoding=\"async\" class=\"aligncenter  wp-image-114203\" src=\"https:\/\/www.giurgiuveanul.ro\/stiri\/wp-content\/uploads\/2025\/04\/WhatsApp-Image-2022-06-24-at-7.11.39-PM-505x450.jpg\" alt=\"\" width=\"775\" height=\"691\" srcset=\"https:\/\/www.giurgiuveanul.ro\/stiri\/wp-content\/uploads\/2025\/04\/WhatsApp-Image-2022-06-24-at-7.11.39-PM-505x450.jpg 505w, https:\/\/www.giurgiuveanul.ro\/stiri\/wp-content\/uploads\/2025\/04\/WhatsApp-Image-2022-06-24-at-7.11.39-PM-250x223.jpg 250w, https:\/\/www.giurgiuveanul.ro\/stiri\/wp-content\/uploads\/2025\/04\/WhatsApp-Image-2022-06-24-at-7.11.39-PM-768x684.jpg 768w, https:\/\/www.giurgiuveanul.ro\/stiri\/wp-content\/uploads\/2025\/04\/WhatsApp-Image-2022-06-24-at-7.11.39-PM-1536x1369.jpg 1536w, https:\/\/www.giurgiuveanul.ro\/stiri\/wp-content\/uploads\/2025\/04\/WhatsApp-Image-2022-06-24-at-7.11.39-PM-400x356.jpg 400w, https:\/\/www.giurgiuveanul.ro\/stiri\/wp-content\/uploads\/2025\/04\/WhatsApp-Image-2022-06-24-at-7.11.39-PM.jpg 2000w\" sizes=\"auto, (max-width: 775px) 100vw, 775px\" \/><\/a>Cu prilejul Sfintelor S\u0103rb\u0103tori ale \u00cenvierii Domnului,<!--more--> v\u0103 transmit cele mai calde ur\u0103ri de s\u0103n\u0103tate, lini\u0219te \u0219i \u00eempliniri al\u0103turi de cei dragi.<\/p>\n<p style=\"text-align: justify;\">Pa\u0219tele este o perioad\u0103 de rena\u0219tere spiritual\u0103, un moment \u00een care suntem chema\u021bi s\u0103 reflect\u0103m asupra iubirii \u0219i iert\u0103rii, asupra luminii care \u00eenv\u0103luie vie\u021bile noastre. \u00cen aceste zile sfinte, fiecare dintre noi are ocazia de a reg\u0103si pacea sufleteasc\u0103, de a \u00eent\u0103ri leg\u0103turile de iubire \u0219i solidaritate care ne unesc ca oameni \u0219i ca comunitate.<\/p>\n<p style=\"text-align: justify;\">Fie ca Lumina \u00cenvierii s\u0103 p\u0103trund\u0103 \u00een casele \u0219i inimile dumneavoastr\u0103, aduc\u00e2ndu-v\u0103 speran\u021b\u0103, bucurie \u0219i \u00eencredere \u00een viitor. V\u0103 doresc ca aceste zile de Pa\u0219te s\u0103 fie pline de momente frumoase al\u0103turi de cei dragi, s\u0103 p\u0103str\u0103m cu m\u00e2ndrie tradi\u021biile noastre \u0219i s\u0103 fim mereu uni\u021bi \u00een sprijinul comunit\u0103\u021bii noastre.<\/p>\n<p style=\"text-align: justify;\">Hristos a \u00eenviat!<\/p>\n<p style=\"text-align: justify;\">Cu respect \u0219i apreciere,<br \/>\nAdrian Florin \u0218erban,<br \/>\nPrimarul Comunei Daia<\/p>\n","protected":false},"excerpt":{"rendered":"<p>Cu prilejul Sfintelor S\u0103rb\u0103tori ale \u00cenvierii Domnului,<\/p>\n","protected":false},"author":1,"featured_media":0,"comment_status":"open","ping_status":"open","sticky":false,"template":"","format":"standard","meta":{"footnotes":""},"categories":[4],"tags":[],"class_list":["post-114202","post","type-post","status-publish","format-standard","hentry","category-special"],"_links":{"self":[{"href":"https:\/\/www.giurgiuveanul.ro\/stiri\/wp-json\/wp\/v2\/posts\/114202","targetHints":{"allow":["GET"]}}],"collection":[{"href":"https:\/\/www.giurgiuveanul.ro\/stiri\/wp-json\/wp\/v2\/posts"}],"about":[{"href":"https:\/\/www.giurgiuveanul.ro\/stiri\/wp-json\/wp\/v2\/types\/post"}],"author":[{"embeddable":true,"href":"https:\/\/www.giurgiuveanul.ro\/stiri\/wp-json\/wp\/v2\/users\/1"}],"replies":[{"embeddable":true,"href":"https:\/\/www.giurgiuveanul.ro\/stiri\/wp-json\/wp\/v2\/comments?post=114202"}],"version-history":[{"count":1,"href":"https:\/\/www.giurgiuveanul.ro\/stiri\/wp-json\/wp\/v2\/posts\/114202\/revisions"}],"predecessor-version":[{"id":114204,"href":"https:\/\/www.giurgiuveanul.ro\/stiri\/wp-json\/wp\/v2\/posts\/114202\/revisions\/114204"}],"wp:attachment":[{"href":"https:\/\/www.giurgiuveanul.ro\/stiri\/wp-json\/wp\/v2\/media?parent=114202"}],"wp:term":[{"taxonomy":"category","embeddable":true,"href":"https:\/\/www.giurgiuveanul.ro\/stiri\/wp-json\/wp\/v2\/categories?post=114202"},{"taxonomy":"post_tag","embeddable":true,"href":"https:\/\/www.giurgiuveanul.ro\/stiri\/wp-json\/wp\/v2\/tags?post=114202"}],"curies":[{"name":"wp","href":"https:\/\/api.w.org\/{rel}","templated":true}]}}