{"id":114208,"date":"2025-04-20T14:06:21","date_gmt":"2025-04-20T11:06:21","guid":{"rendered":"https:\/\/www.giurgiuveanul.ro\/stiri\/?p=114208"},"modified":"2025-04-20T14:06:21","modified_gmt":"2025-04-20T11:06:21","slug":"constantin-telehoi-director-general-tc-construct-giurgiu-mesaj-de-sfintele-pasti","status":"publish","type":"post","link":"https:\/\/www.giurgiuveanul.ro\/stiri\/constantin-telehoi-director-general-tc-construct-giurgiu-mesaj-de-sfintele-pasti\/","title":{"rendered":"Constantin Telehoi, director general \u2013 TC Construct Giurgiu, mesaj de Sfintele Pa\u015fti"},"content":{"rendered":"<p style=\"text-align: justify;\"><a href=\"https:\/\/www.giurgiuveanul.ro\/stiri\/wp-content\/uploads\/2025\/04\/401043275_2295993620600657_9099987742491383071_n-1536x1207-1.jpg\"><img loading=\"lazy\" decoding=\"async\" class=\"aligncenter  wp-image-114209\" src=\"https:\/\/www.giurgiuveanul.ro\/stiri\/wp-content\/uploads\/2025\/04\/401043275_2295993620600657_9099987742491383071_n-1536x1207-1-560x440.jpg\" alt=\"\" width=\"741\" height=\"582\" srcset=\"https:\/\/www.giurgiuveanul.ro\/stiri\/wp-content\/uploads\/2025\/04\/401043275_2295993620600657_9099987742491383071_n-1536x1207-1-560x440.jpg 560w, https:\/\/www.giurgiuveanul.ro\/stiri\/wp-content\/uploads\/2025\/04\/401043275_2295993620600657_9099987742491383071_n-1536x1207-1-250x196.jpg 250w, https:\/\/www.giurgiuveanul.ro\/stiri\/wp-content\/uploads\/2025\/04\/401043275_2295993620600657_9099987742491383071_n-1536x1207-1-768x604.jpg 768w, https:\/\/www.giurgiuveanul.ro\/stiri\/wp-content\/uploads\/2025\/04\/401043275_2295993620600657_9099987742491383071_n-1536x1207-1-400x314.jpg 400w, https:\/\/www.giurgiuveanul.ro\/stiri\/wp-content\/uploads\/2025\/04\/401043275_2295993620600657_9099987742491383071_n-1536x1207-1.jpg 1536w\" sizes=\"auto, (max-width: 741px) 100vw, 741px\" \/><\/a>Cu ocazia Sfintelor S\u0103rb\u0103tori Pascale,<!--more--> adresez tuturor giurgiuvenilor g\u00e2nduri alese de s\u0103n\u0103tate, pace sufleteasc\u0103 \u0219i bucurii al\u0103turi de cei dragi.<\/p>\n<p style=\"text-align: justify;\">Fie ca Lumina \u00cenvierii Domnului s\u0103 ne umple inimile de credin\u021b\u0103, n\u0103dejde \u0219i iubire, iar casa fiec\u0103ruia s\u0103 fie binecuv\u00e2ntat\u0103 cu lini\u0219te \u0219i armonie.<\/p>\n<p style=\"text-align: justify;\">S\u0103 \u00eent\u00e2mpin\u0103m aceast\u0103 s\u0103rb\u0103toare cu sufletul curat, cu dragoste de aproapele \u0219i cu recuno\u0219tin\u021b\u0103 pentru darul vie\u021bii!<\/p>\n<p style=\"text-align: justify;\">Hristos a \u00eenviat!<\/p>\n<p style=\"text-align: justify;\">Cu deosebit respect,<br \/>\nConstantin Telehoi,<br \/>\nDirector General \u2013 TC Construct Giurgiu<\/p>\n","protected":false},"excerpt":{"rendered":"<p>Cu ocazia Sfintelor S\u0103rb\u0103tori Pascale,<\/p>\n","protected":false},"author":1,"featured_media":0,"comment_status":"open","ping_status":"open","sticky":false,"template":"","format":"standard","meta":{"footnotes":""},"categories":[1],"tags":[],"class_list":["post-114208","post","type-post","status-publish","format-standard","hentry","category-actualitate"],"_links":{"self":[{"href":"https:\/\/www.giurgiuveanul.ro\/stiri\/wp-json\/wp\/v2\/posts\/114208","targetHints":{"allow":["GET"]}}],"collection":[{"href":"https:\/\/www.giurgiuveanul.ro\/stiri\/wp-json\/wp\/v2\/posts"}],"about":[{"href":"https:\/\/www.giurgiuveanul.ro\/stiri\/wp-json\/wp\/v2\/types\/post"}],"author":[{"embeddable":true,"href":"https:\/\/www.giurgiuveanul.ro\/stiri\/wp-json\/wp\/v2\/users\/1"}],"replies":[{"embeddable":true,"href":"https:\/\/www.giurgiuveanul.ro\/stiri\/wp-json\/wp\/v2\/comments?post=114208"}],"version-history":[{"count":1,"href":"https:\/\/www.giurgiuveanul.ro\/stiri\/wp-json\/wp\/v2\/posts\/114208\/revisions"}],"predecessor-version":[{"id":114210,"href":"https:\/\/www.giurgiuveanul.ro\/stiri\/wp-json\/wp\/v2\/posts\/114208\/revisions\/114210"}],"wp:attachment":[{"href":"https:\/\/www.giurgiuveanul.ro\/stiri\/wp-json\/wp\/v2\/media?parent=114208"}],"wp:term":[{"taxonomy":"category","embeddable":true,"href":"https:\/\/www.giurgiuveanul.ro\/stiri\/wp-json\/wp\/v2\/categories?post=114208"},{"taxonomy":"post_tag","embeddable":true,"href":"https:\/\/www.giurgiuveanul.ro\/stiri\/wp-json\/wp\/v2\/tags?post=114208"}],"curies":[{"name":"wp","href":"https:\/\/api.w.org\/{rel}","templated":true}]}}