{"id":114211,"date":"2025-04-20T14:18:24","date_gmt":"2025-04-20T11:18:24","guid":{"rendered":"https:\/\/www.giurgiuveanul.ro\/stiri\/?p=114211"},"modified":"2025-04-20T14:18:24","modified_gmt":"2025-04-20T11:18:24","slug":"prof-univ-dr-cosmin-corendea-deputat-si-presedinte-aur-giurgiu-mesaj-de-sfintele-pasti","status":"publish","type":"post","link":"https:\/\/www.giurgiuveanul.ro\/stiri\/prof-univ-dr-cosmin-corendea-deputat-si-presedinte-aur-giurgiu-mesaj-de-sfintele-pasti\/","title":{"rendered":"Prof. univ. dr. Cosmin Corendea, deputat \u0219i pre\u0219edinte AUR Giurgiu, mesaj de Sfintele Pa\u015fti"},"content":{"rendered":"<p style=\"text-align: justify;\"><a href=\"https:\/\/www.giurgiuveanul.ro\/stiri\/wp-content\/uploads\/2025\/04\/00-cosmin-corendea.jpeg\"><img loading=\"lazy\" decoding=\"async\" class=\"aligncenter  wp-image-114212\" src=\"https:\/\/www.giurgiuveanul.ro\/stiri\/wp-content\/uploads\/2025\/04\/00-cosmin-corendea-560x414.jpeg\" alt=\"\" width=\"720\" height=\"532\" srcset=\"https:\/\/www.giurgiuveanul.ro\/stiri\/wp-content\/uploads\/2025\/04\/00-cosmin-corendea-560x414.jpeg 560w, https:\/\/www.giurgiuveanul.ro\/stiri\/wp-content\/uploads\/2025\/04\/00-cosmin-corendea-250x185.jpeg 250w, https:\/\/www.giurgiuveanul.ro\/stiri\/wp-content\/uploads\/2025\/04\/00-cosmin-corendea-768x567.jpeg 768w, https:\/\/www.giurgiuveanul.ro\/stiri\/wp-content\/uploads\/2025\/04\/00-cosmin-corendea-400x296.jpeg 400w, https:\/\/www.giurgiuveanul.ro\/stiri\/wp-content\/uploads\/2025\/04\/00-cosmin-corendea.jpeg 900w\" sizes=\"auto, (max-width: 720px) 100vw, 720px\" \/><\/a>Cu prilejul Sfintelor S\u0103rb\u0103tori ale \u00cenvierii Domnului,<!--more--> adresez tuturor giurgiuvenilor cele mai calde g\u00e2nduri de s\u0103n\u0103tate, credin\u021b\u0103 \u0219i speran\u021b\u0103.<\/p>\n<p style=\"text-align: justify;\">Pa\u0219tile reprezint\u0103 biruin\u021ba vie\u021bii asupra mor\u021bii, a luminii asupra \u00eentunericului \u0219i ne reamintesc c\u0103, prin jertf\u0103 \u0219i iubire, putem rena\u0219te suflete\u0219te, at\u00e2t ca oameni, c\u00e2t \u0219i ca neam.<\/p>\n<p style=\"text-align: justify;\">V\u0103 doresc ca aceast\u0103 s\u0103rb\u0103toare a \u00cenvierii s\u0103 v\u0103 aduc\u0103 lini\u0219te \u00een suflet, bucurie \u00een case \u0219i putere \u00een toate g\u00e2ndurile \u0219i faptele bune. Dumnezeu s\u0103 binecuv\u00e2nteze Rom\u00e2nia \u0219i poporul rom\u00e2n!<\/p>\n<p style=\"text-align: justify;\">Hristos a \u00eenviat!<\/p>\n<p style=\"text-align: justify;\">Cu aleas\u0103 pre\u021buire,<br \/>\nProf. univ. dr. Cosmin Corendea,<br \/>\nDeputat \u0219i Pre\u0219edinte AUR Giurgiu<\/p>\n","protected":false},"excerpt":{"rendered":"<p>Cu prilejul Sfintelor S\u0103rb\u0103tori ale \u00cenvierii Domnului,<\/p>\n","protected":false},"author":1,"featured_media":0,"comment_status":"open","ping_status":"open","sticky":false,"template":"","format":"standard","meta":{"footnotes":""},"categories":[4],"tags":[],"class_list":["post-114211","post","type-post","status-publish","format-standard","hentry","category-special"],"_links":{"self":[{"href":"https:\/\/www.giurgiuveanul.ro\/stiri\/wp-json\/wp\/v2\/posts\/114211","targetHints":{"allow":["GET"]}}],"collection":[{"href":"https:\/\/www.giurgiuveanul.ro\/stiri\/wp-json\/wp\/v2\/posts"}],"about":[{"href":"https:\/\/www.giurgiuveanul.ro\/stiri\/wp-json\/wp\/v2\/types\/post"}],"author":[{"embeddable":true,"href":"https:\/\/www.giurgiuveanul.ro\/stiri\/wp-json\/wp\/v2\/users\/1"}],"replies":[{"embeddable":true,"href":"https:\/\/www.giurgiuveanul.ro\/stiri\/wp-json\/wp\/v2\/comments?post=114211"}],"version-history":[{"count":1,"href":"https:\/\/www.giurgiuveanul.ro\/stiri\/wp-json\/wp\/v2\/posts\/114211\/revisions"}],"predecessor-version":[{"id":114213,"href":"https:\/\/www.giurgiuveanul.ro\/stiri\/wp-json\/wp\/v2\/posts\/114211\/revisions\/114213"}],"wp:attachment":[{"href":"https:\/\/www.giurgiuveanul.ro\/stiri\/wp-json\/wp\/v2\/media?parent=114211"}],"wp:term":[{"taxonomy":"category","embeddable":true,"href":"https:\/\/www.giurgiuveanul.ro\/stiri\/wp-json\/wp\/v2\/categories?post=114211"},{"taxonomy":"post_tag","embeddable":true,"href":"https:\/\/www.giurgiuveanul.ro\/stiri\/wp-json\/wp\/v2\/tags?post=114211"}],"curies":[{"name":"wp","href":"https:\/\/api.w.org\/{rel}","templated":true}]}}