{"id":114220,"date":"2025-04-20T14:57:11","date_gmt":"2025-04-20T11:57:11","guid":{"rendered":"https:\/\/www.giurgiuveanul.ro\/stiri\/?p=114220"},"modified":"2025-04-20T14:57:37","modified_gmt":"2025-04-20T11:57:37","slug":"daniel-carpusor-director-general-directia-judeteana-de-transport-administrarea-drumurilor-si-control-trafic-giurgiu-mesaj-de-sfintele-pasti","status":"publish","type":"post","link":"https:\/\/www.giurgiuveanul.ro\/stiri\/daniel-carpusor-director-general-directia-judeteana-de-transport-administrarea-drumurilor-si-control-trafic-giurgiu-mesaj-de-sfintele-pasti\/","title":{"rendered":"Daniel C\u0103rpu\u0219or &#8211; director general Direc\u021bia Jude\u021bean\u0103 de Transport, Administrarea Drumurilor \u0219i Control Trafic Giurgiu, mesaj de Sfintele Pa\u015fti"},"content":{"rendered":"<p style=\"text-align: justify;\"><a href=\"https:\/\/www.giurgiuveanul.ro\/stiri\/wp-content\/uploads\/2025\/04\/000-daniel-carpusor.jpg\"><img loading=\"lazy\" decoding=\"async\" class=\"aligncenter wp-image-114221\" src=\"https:\/\/www.giurgiuveanul.ro\/stiri\/wp-content\/uploads\/2025\/04\/000-daniel-carpusor-548x450.jpg\" alt=\"\" width=\"778\" height=\"639\" srcset=\"https:\/\/www.giurgiuveanul.ro\/stiri\/wp-content\/uploads\/2025\/04\/000-daniel-carpusor-548x450.jpg 548w, https:\/\/www.giurgiuveanul.ro\/stiri\/wp-content\/uploads\/2025\/04\/000-daniel-carpusor-250x205.jpg 250w, https:\/\/www.giurgiuveanul.ro\/stiri\/wp-content\/uploads\/2025\/04\/000-daniel-carpusor-768x631.jpg 768w, https:\/\/www.giurgiuveanul.ro\/stiri\/wp-content\/uploads\/2025\/04\/000-daniel-carpusor-1536x1262.jpg 1536w, https:\/\/www.giurgiuveanul.ro\/stiri\/wp-content\/uploads\/2025\/04\/000-daniel-carpusor-400x329.jpg 400w, https:\/\/www.giurgiuveanul.ro\/stiri\/wp-content\/uploads\/2025\/04\/000-daniel-carpusor.jpg 1652w\" sizes=\"auto, (max-width: 778px) 100vw, 778px\" \/><\/a>Dragi giurgiuveni,<!--more--><\/p>\n<p style=\"text-align: justify;\">Cu ocazia Sfintelor S\u0103rb\u0103tori Pascale, v\u0103 transmit ur\u0103ri de s\u0103n\u0103tate, lini\u0219te sufleteasc\u0103 \u0219i bucurii al\u0103turi de cei dragi.<\/p>\n<p style=\"text-align: justify;\">\u00cenvierea Domnului este un prilej de reg\u0103sire spiritual\u0103, de \u00eent\u0103rire a credin\u021bei \u0219i de speran\u021b\u0103 \u00eentr-un viitor mai bun. S\u0103 \u00eent\u00e2mpin\u0103m aceast\u0103 s\u0103rb\u0103toare sf\u00e2nt\u0103 cu inimile deschise, cu recuno\u0219tin\u021b\u0103 \u0219i cu dorin\u021ba sincer\u0103 de a fi mai buni, mai solidari, mai aproape unii de ceilal\u021bi.<\/p>\n<p style=\"text-align: justify;\">Fie ca Lumina \u00cenvierii s\u0103 v\u0103 aduc\u0103 pace, echilibru \u0219i curajul de a merge mai departe cu \u00eencredere \u0219i iubire \u00een suflet.<\/p>\n<p style=\"text-align: justify;\">Hristos a \u00eenviat!<\/p>\n<p style=\"text-align: justify;\">Cu respect,<\/p>\n<p style=\"text-align: justify;\">Daniel C\u0103rpu\u0219or,<\/p>\n<p style=\"text-align: justify;\">Director general Direc\u021bia Jude\u021bean\u0103 de Transport, Administrarea Drumurilor \u0219i Control Trafic Giurgiu<\/p>\n","protected":false},"excerpt":{"rendered":"<p>Dragi giurgiuveni,<\/p>\n","protected":false},"author":1,"featured_media":0,"comment_status":"open","ping_status":"open","sticky":false,"template":"","format":"standard","meta":{"footnotes":""},"categories":[4],"tags":[],"class_list":["post-114220","post","type-post","status-publish","format-standard","hentry","category-special"],"_links":{"self":[{"href":"https:\/\/www.giurgiuveanul.ro\/stiri\/wp-json\/wp\/v2\/posts\/114220","targetHints":{"allow":["GET"]}}],"collection":[{"href":"https:\/\/www.giurgiuveanul.ro\/stiri\/wp-json\/wp\/v2\/posts"}],"about":[{"href":"https:\/\/www.giurgiuveanul.ro\/stiri\/wp-json\/wp\/v2\/types\/post"}],"author":[{"embeddable":true,"href":"https:\/\/www.giurgiuveanul.ro\/stiri\/wp-json\/wp\/v2\/users\/1"}],"replies":[{"embeddable":true,"href":"https:\/\/www.giurgiuveanul.ro\/stiri\/wp-json\/wp\/v2\/comments?post=114220"}],"version-history":[{"count":2,"href":"https:\/\/www.giurgiuveanul.ro\/stiri\/wp-json\/wp\/v2\/posts\/114220\/revisions"}],"predecessor-version":[{"id":114223,"href":"https:\/\/www.giurgiuveanul.ro\/stiri\/wp-json\/wp\/v2\/posts\/114220\/revisions\/114223"}],"wp:attachment":[{"href":"https:\/\/www.giurgiuveanul.ro\/stiri\/wp-json\/wp\/v2\/media?parent=114220"}],"wp:term":[{"taxonomy":"category","embeddable":true,"href":"https:\/\/www.giurgiuveanul.ro\/stiri\/wp-json\/wp\/v2\/categories?post=114220"},{"taxonomy":"post_tag","embeddable":true,"href":"https:\/\/www.giurgiuveanul.ro\/stiri\/wp-json\/wp\/v2\/tags?post=114220"}],"curies":[{"name":"wp","href":"https:\/\/api.w.org\/{rel}","templated":true}]}}