{"id":114263,"date":"2025-04-20T15:40:18","date_gmt":"2025-04-20T12:40:18","guid":{"rendered":"https:\/\/www.giurgiuveanul.ro\/stiri\/?p=114263"},"modified":"2025-04-23T09:23:49","modified_gmt":"2025-04-23T06:23:49","slug":"andu-voinea-manager-tsv-mesaj-de-sfintele-pasti","status":"publish","type":"post","link":"https:\/\/www.giurgiuveanul.ro\/stiri\/andu-voinea-manager-tsv-mesaj-de-sfintele-pasti\/","title":{"rendered":"Andu Voinea &#8211; manager TSV, mesaj de Sfintele Pa\u015fti"},"content":{"rendered":"<p style=\"text-align: justify;\"><a href=\"https:\/\/www.giurgiuveanul.ro\/stiri\/wp-content\/uploads\/2025\/04\/000-TSV-GIURGIU.jpg\"><img loading=\"lazy\" decoding=\"async\" class=\"aligncenter  wp-image-114264\" src=\"https:\/\/www.giurgiuveanul.ro\/stiri\/wp-content\/uploads\/2025\/04\/000-TSV-GIURGIU-560x383.jpg\" alt=\"\" width=\"779\" height=\"533\" srcset=\"https:\/\/www.giurgiuveanul.ro\/stiri\/wp-content\/uploads\/2025\/04\/000-TSV-GIURGIU-560x383.jpg 560w, https:\/\/www.giurgiuveanul.ro\/stiri\/wp-content\/uploads\/2025\/04\/000-TSV-GIURGIU-250x171.jpg 250w, https:\/\/www.giurgiuveanul.ro\/stiri\/wp-content\/uploads\/2025\/04\/000-TSV-GIURGIU-768x525.jpg 768w, https:\/\/www.giurgiuveanul.ro\/stiri\/wp-content\/uploads\/2025\/04\/000-TSV-GIURGIU-400x274.jpg 400w, https:\/\/www.giurgiuveanul.ro\/stiri\/wp-content\/uploads\/2025\/04\/000-TSV-GIURGIU.jpg 800w\" sizes=\"auto, (max-width: 779px) 100vw, 779px\" \/><\/a>Cu ocazia Sfintelor S\u0103rb\u0103tori ale \u00cenvierii Domnului,<!--more--> v\u0103 transmit cele mai sincere g\u00e2nduri de bine, \u00eenso\u021bite de ur\u0103ri de s\u0103n\u0103tate, pace sufleteasc\u0103 \u0219i bucurii al\u0103turi de cei dragi.<\/p>\n<p style=\"text-align: justify;\">Pa\u0219tele este un moment de reflec\u021bie, de \u00eentoarcere c\u0103tre valorile autentice ale credin\u021bei, familiei \u0219i comunit\u0103\u021bii. Este clipa \u00een care ne reamintim de jertfa M\u00e2ntuitorului \u0219i de puterea luminii care \u00eenvinge \u00eentunericul. \u00cen aceast\u0103 perioad\u0103 sf\u00e2nt\u0103, s\u0103 ne deschidem inimile c\u0103tre iubire, iertare \u0219i speran\u021b\u0103.<\/p>\n<p style=\"text-align: justify;\">La TSV, suntem onora\u021bi c\u0103 ne sunte\u021bi al\u0103turi \u0219i v\u0103 mul\u021bumim pentru \u00eencrederea \u0219i sprijinul constant. Vom continua s\u0103 fim al\u0103turi de dumneavoastr\u0103 cu seriozitate, respect \u0219i servicii de calitate.<\/p>\n<p style=\"text-align: justify;\">Fie ca Lumina Sf\u00e2nt\u0103 a \u00cenvierii s\u0103 v\u0103 aduc\u0103 lini\u0219te, \u00eemplinire \u0219i binecuv\u00e2ntare \u00een tot ceea ce face\u021bi!<\/p>\n<p style=\"text-align: justify;\">Hristos a \u00eenviat!<\/p>\n<p style=\"text-align: justify;\">Cu pre\u021buire,<\/p>\n<p style=\"text-align: justify;\">Andu Voinea,<\/p>\n<p style=\"text-align: justify;\">Manager TSV<\/p>\n<p><a href=\"https:\/\/www.giurgiuveanul.ro\/stiri\/wp-content\/uploads\/2025\/04\/LOGO-TSV-1536x574-1-1024x383-1.png\"><img loading=\"lazy\" decoding=\"async\" class=\"aligncenter  wp-image-114265\" src=\"https:\/\/www.giurgiuveanul.ro\/stiri\/wp-content\/uploads\/2025\/04\/LOGO-TSV-1536x574-1-1024x383-1-560x209.png\" alt=\"\" width=\"769\" height=\"287\" srcset=\"https:\/\/www.giurgiuveanul.ro\/stiri\/wp-content\/uploads\/2025\/04\/LOGO-TSV-1536x574-1-1024x383-1-560x209.png 560w, https:\/\/www.giurgiuveanul.ro\/stiri\/wp-content\/uploads\/2025\/04\/LOGO-TSV-1536x574-1-1024x383-1-250x94.png 250w, https:\/\/www.giurgiuveanul.ro\/stiri\/wp-content\/uploads\/2025\/04\/LOGO-TSV-1536x574-1-1024x383-1-768x287.png 768w, https:\/\/www.giurgiuveanul.ro\/stiri\/wp-content\/uploads\/2025\/04\/LOGO-TSV-1536x574-1-1024x383-1-400x150.png 400w, https:\/\/www.giurgiuveanul.ro\/stiri\/wp-content\/uploads\/2025\/04\/LOGO-TSV-1536x574-1-1024x383-1.png 1024w\" sizes=\"auto, (max-width: 769px) 100vw, 769px\" \/><\/a><\/p>\n","protected":false},"excerpt":{"rendered":"<p>Cu ocazia Sfintelor S\u0103rb\u0103tori ale \u00cenvierii Domnului,<\/p>\n","protected":false},"author":1,"featured_media":0,"comment_status":"open","ping_status":"open","sticky":false,"template":"","format":"standard","meta":{"footnotes":""},"categories":[1],"tags":[109,110],"class_list":["post-114263","post","type-post","status-publish","format-standard","hentry","category-actualitate","tag-andu-voinea-manager-tsv","tag-mesaj-de-sfintele-pasti"],"_links":{"self":[{"href":"https:\/\/www.giurgiuveanul.ro\/stiri\/wp-json\/wp\/v2\/posts\/114263","targetHints":{"allow":["GET"]}}],"collection":[{"href":"https:\/\/www.giurgiuveanul.ro\/stiri\/wp-json\/wp\/v2\/posts"}],"about":[{"href":"https:\/\/www.giurgiuveanul.ro\/stiri\/wp-json\/wp\/v2\/types\/post"}],"author":[{"embeddable":true,"href":"https:\/\/www.giurgiuveanul.ro\/stiri\/wp-json\/wp\/v2\/users\/1"}],"replies":[{"embeddable":true,"href":"https:\/\/www.giurgiuveanul.ro\/stiri\/wp-json\/wp\/v2\/comments?post=114263"}],"version-history":[{"count":1,"href":"https:\/\/www.giurgiuveanul.ro\/stiri\/wp-json\/wp\/v2\/posts\/114263\/revisions"}],"predecessor-version":[{"id":114266,"href":"https:\/\/www.giurgiuveanul.ro\/stiri\/wp-json\/wp\/v2\/posts\/114263\/revisions\/114266"}],"wp:attachment":[{"href":"https:\/\/www.giurgiuveanul.ro\/stiri\/wp-json\/wp\/v2\/media?parent=114263"}],"wp:term":[{"taxonomy":"category","embeddable":true,"href":"https:\/\/www.giurgiuveanul.ro\/stiri\/wp-json\/wp\/v2\/categories?post=114263"},{"taxonomy":"post_tag","embeddable":true,"href":"https:\/\/www.giurgiuveanul.ro\/stiri\/wp-json\/wp\/v2\/tags?post=114263"}],"curies":[{"name":"wp","href":"https:\/\/api.w.org\/{rel}","templated":true}]}}