{"id":114362,"date":"2025-04-26T14:23:02","date_gmt":"2025-04-26T11:23:02","guid":{"rendered":"https:\/\/www.giurgiuveanul.ro\/stiri\/?p=114362"},"modified":"2025-04-27T10:00:59","modified_gmt":"2025-04-27T07:00:59","slug":"s-a-stins-din-viata-agent-principal-de-politie-remus-serafim-sef-de-post-la-postul-de-politie-stoenesti","status":"publish","type":"post","link":"https:\/\/www.giurgiuveanul.ro\/stiri\/s-a-stins-din-viata-agent-principal-de-politie-remus-serafim-sef-de-post-la-postul-de-politie-stoenesti\/","title":{"rendered":"S-a stins din via\u0163\u0103 agent principal de poli\u021bie Remus Serafim, \u0219ef de post la Postul de Poli\u021bie Stoene\u0219ti&#8230;"},"content":{"rendered":"<p style=\"text-align: justify;\"><a href=\"https:\/\/www.giurgiuveanul.ro\/stiri\/wp-content\/uploads\/2025\/04\/REMUS-SERAFIM-2.jpg\"><img loading=\"lazy\" decoding=\"async\" class=\"aligncenter wp-image-114363\" src=\"https:\/\/www.giurgiuveanul.ro\/stiri\/wp-content\/uploads\/2025\/04\/REMUS-SERAFIM-2-560x397.jpg\" alt=\"\" width=\"812\" height=\"576\" srcset=\"https:\/\/www.giurgiuveanul.ro\/stiri\/wp-content\/uploads\/2025\/04\/REMUS-SERAFIM-2-560x397.jpg 560w, https:\/\/www.giurgiuveanul.ro\/stiri\/wp-content\/uploads\/2025\/04\/REMUS-SERAFIM-2-250x177.jpg 250w, https:\/\/www.giurgiuveanul.ro\/stiri\/wp-content\/uploads\/2025\/04\/REMUS-SERAFIM-2-768x545.jpg 768w, https:\/\/www.giurgiuveanul.ro\/stiri\/wp-content\/uploads\/2025\/04\/REMUS-SERAFIM-2-1536x1089.jpg 1536w, https:\/\/www.giurgiuveanul.ro\/stiri\/wp-content\/uploads\/2025\/04\/REMUS-SERAFIM-2-400x284.jpg 400w, https:\/\/www.giurgiuveanul.ro\/stiri\/wp-content\/uploads\/2025\/04\/REMUS-SERAFIM-2.jpg 2000w\" sizes=\"auto, (max-width: 812px) 100vw, 812px\" \/><\/a>Cu ad\u00e2nc\u0103 durere \u00een suflete, anun\u021b\u0103m<!--more--> trecerea la cele ve\u015fnice, mult prea devreme, a celui care a fost fiul nostru iubit \u0219i un prieten deosebit pentru to\u021bi cei care l-au cunoscut.<\/p>\n<p style=\"text-align: justify;\">Agent principal de poli\u021bie Remus Serafim ne-a p\u0103r\u0103sit, <em>la doar 27 de ani<\/em>, o veste care ne-a sf\u00e2\u0219iat inimile \u0219i a l\u0103sat un gol imens \u00een vie\u021bile noastre.<\/p>\n<p style=\"text-align: justify;\">Remus a intrat \u00een r\u00e2ndurile Poli\u021biei Rom\u00e2ne \u00een anul 2018, cu dorin\u021ba de a ajuta \u0219i proteja comunitatea. El a demonstrat, \u00eenc\u0103 de la \u00eenceput, un devotament total fa\u021b\u0103 de profesia sa, iar prin munca sa asidu\u0103 a c\u00e2\u0219tigat respectul \u0219i \u00eencrederea colegilor, dar \u0219i a celor pe care \u00eei slujea. \u00cen ultimii trei ani, a \u00eendeplinit cu onoare func\u021bia de \u0219ef de post la Postul de Poli\u021bie Stoene\u0219ti, din cadrul Sec\u021biei de Poli\u021bie Rural\u0103 nr. 1 C\u0103lug\u0103reni, acolo unde \u0219i-a dedicat \u00eentreaga energie pentru binele celor din jur.<\/p>\n<p style=\"text-align: justify;\">Era un t\u00e2n\u0103r plin de responsabilitate, empatie \u0219i curaj, av\u00e2nd mereu un z\u00e2mbet pe buze \u0219i o vorb\u0103 bun\u0103 pentru to\u021bi cei din jurul s\u0103u. Munca sa \u00een comunitate nu a fost doar un job, ci o adev\u0103rat\u0103 misiune, o chemare la care a r\u0103spuns cu d\u0103ruire \u0219i perseveren\u021b\u0103.<\/p>\n<p style=\"text-align: justify;\">Plecarea sa fulger\u0103toare ne-a l\u0103sat f\u0103r\u0103 cuvinte \u0219i \u00een lacrimi. Familia noastr\u0103, prietenii \u0219i colegii sunt profund \u00eendurera\u021bi de pierderea sa. Am pierdut un fiu, un frate \u0219i un prieten care a f\u0103cut lumea mai bun\u0103 prin simpla sa prezen\u021b\u0103. Inimile noastre sunt fr\u00e2nte de durerea imens\u0103 c\u0103 nu \u00eel vom mai vedea, nu \u00eel vom mai auzi r\u00e2z\u00e2nd, nu \u00eel vom mai sim\u021bi al\u0103turi de noi.<\/p>\n<p style=\"text-align: justify;\">Trupul ne\u00eensufle\u021bit va fi depus la domiciliul din Singureni, acolo unde \u00eei vor putea aduce un ultim omagiu to\u021bi cei care l-au cunoscut, l-au apreciat \u0219i l-au iubit. <strong>\u00cenmorm\u00e2ntarea va avea loc luni, 28 aprilie, iar \u00een acea zi, vom face un ultim drum al\u0103turi de el, \u00eenso\u021bindu-l cu lacrimi \u0219i rug\u0103ciuni<\/strong>.<\/p>\n<p style=\"text-align: justify;\">\u00cen aceste momente de suferin\u021b\u0103 greu de descris \u00een cuvinte, ne rug\u0103m pentru lini\u0219tea sufletului s\u0103u \u0219i pentru m\u00e2ng\u00e2ierea celor care l-au pierdut. Dumnezeu s\u0103-i d\u0103ruiasc\u0103 odihn\u0103 ve\u0219nic\u0103 \u0219i s\u0103-l a\u0219eze \u00een lumina Sa, iar pe noi, cei r\u0103ma\u0219i \u00een urm\u0103, s\u0103 ne ajute s\u0103 \u00eendur\u0103m aceast\u0103 durere imens\u0103.<\/p>\n<p style=\"text-align: justify;\"><em>Te iubim, Remus, \u0219i vei r\u0103m\u00e2ne ve\u0219nic \u00een inimile noastre. \u00ce\u021bi vom p\u0103stra amintirea vie, iar z\u00e2mbetul t\u0103u ne va ghida pa\u0219ii \u00een fiecare zi. Odihne\u0219te-te \u00een pace!<\/em><\/p>\n","protected":false},"excerpt":{"rendered":"<p>Cu ad\u00e2nc\u0103 durere \u00een suflete, anun\u021b\u0103m<\/p>\n","protected":false},"author":1,"featured_media":0,"comment_status":"open","ping_status":"open","sticky":false,"template":"","format":"standard","meta":{"footnotes":""},"categories":[18],"tags":[112,111],"class_list":["post-114362","post","type-post","status-publish","format-standard","hentry","category-tragedie","tag-agent-principal-de-politie-remus-serafim","tag-remus-serafim"],"_links":{"self":[{"href":"https:\/\/www.giurgiuveanul.ro\/stiri\/wp-json\/wp\/v2\/posts\/114362","targetHints":{"allow":["GET"]}}],"collection":[{"href":"https:\/\/www.giurgiuveanul.ro\/stiri\/wp-json\/wp\/v2\/posts"}],"about":[{"href":"https:\/\/www.giurgiuveanul.ro\/stiri\/wp-json\/wp\/v2\/types\/post"}],"author":[{"embeddable":true,"href":"https:\/\/www.giurgiuveanul.ro\/stiri\/wp-json\/wp\/v2\/users\/1"}],"replies":[{"embeddable":true,"href":"https:\/\/www.giurgiuveanul.ro\/stiri\/wp-json\/wp\/v2\/comments?post=114362"}],"version-history":[{"count":4,"href":"https:\/\/www.giurgiuveanul.ro\/stiri\/wp-json\/wp\/v2\/posts\/114362\/revisions"}],"predecessor-version":[{"id":114381,"href":"https:\/\/www.giurgiuveanul.ro\/stiri\/wp-json\/wp\/v2\/posts\/114362\/revisions\/114381"}],"wp:attachment":[{"href":"https:\/\/www.giurgiuveanul.ro\/stiri\/wp-json\/wp\/v2\/media?parent=114362"}],"wp:term":[{"taxonomy":"category","embeddable":true,"href":"https:\/\/www.giurgiuveanul.ro\/stiri\/wp-json\/wp\/v2\/categories?post=114362"},{"taxonomy":"post_tag","embeddable":true,"href":"https:\/\/www.giurgiuveanul.ro\/stiri\/wp-json\/wp\/v2\/tags?post=114362"}],"curies":[{"name":"wp","href":"https:\/\/api.w.org\/{rel}","templated":true}]}}