{"id":114850,"date":"2025-05-14T14:42:18","date_gmt":"2025-05-14T11:42:18","guid":{"rendered":"https:\/\/www.giurgiuveanul.ro\/stiri\/?p=114850"},"modified":"2025-05-14T14:42:44","modified_gmt":"2025-05-14T11:42:44","slug":"desenati-si-castigati-concursul-de-desene-pentru-elevii-din-judet-a-intrat-in-linie-dreapta","status":"publish","type":"post","link":"https:\/\/www.giurgiuveanul.ro\/stiri\/desenati-si-castigati-concursul-de-desene-pentru-elevii-din-judet-a-intrat-in-linie-dreapta\/","title":{"rendered":"Desena\u021bi \u0219i c\u00e2\u0219tiga\u021bi ! Concursul de desene pentru elevii din jude\u021b a intrat \u00een linie dreapt\u0103"},"content":{"rendered":"<p style=\"text-align: justify;\"><strong><a href=\"https:\/\/www.giurgiuveanul.ro\/stiri\/wp-content\/uploads\/2025\/05\/apa-service-1.jpeg\"><img loading=\"lazy\" decoding=\"async\" class=\"aligncenter wp-image-114639\" src=\"https:\/\/www.giurgiuveanul.ro\/stiri\/wp-content\/uploads\/2025\/05\/apa-service-1.jpeg\" alt=\"\" width=\"742\" height=\"578\" srcset=\"https:\/\/www.giurgiuveanul.ro\/stiri\/wp-content\/uploads\/2025\/05\/apa-service-1.jpeg 317w, https:\/\/www.giurgiuveanul.ro\/stiri\/wp-content\/uploads\/2025\/05\/apa-service-1-250x195.jpeg 250w\" sizes=\"auto, (max-width: 742px) 100vw, 742px\" \/><\/a>Concursul nostru \u201cAPA, IZVORUL VIE\u021aII\u201d,<!--more--> anul acesta cu tema \u201cAPA \u0219i CULORILE PRIM\u0102VERII\u201d a intrat \u00een linie dreapt\u0103.<\/strong><\/p>\n<p style=\"text-align: justify;\">\u00a0Mai pot fi \u00eenc\u0103 trimise lucr\u0103ri- data limit\u0103 este 21 mai iar anul acesta competi\u021bia se adreseaz\u0103, separat, claselor I-IV \u0219i V-VIII.<\/p>\n<p style=\"text-align: justify;\">Elevii din jude\u021bul Giurgiu pot aborda orice tehnic\u0103 grafic\u0103: desen \u00een c\u0103rbune, cu creioane colorate, acuarele, tempera, culori \u00een ulei etc. Desenul trebuie realizat pe coal\u0103 A3, semnat \u00een col\u021bul din dreapta jos,\u00a0 iar fotografia acestuia trebuie trimis\u0103 la adresa de email:\u00a0\u00a0 <a href=\"mailto:relatiipublice@apagiurgiu.ro\">relatiipublice@apagiurgiu.ro<\/a>.<\/p>\n<p><a href=\"https:\/\/www.giurgiuveanul.ro\/stiri\/wp-content\/uploads\/2025\/05\/apa-service-2.jpeg\"><img loading=\"lazy\" decoding=\"async\" class=\"aligncenter  wp-image-114641\" src=\"https:\/\/www.giurgiuveanul.ro\/stiri\/wp-content\/uploads\/2025\/05\/apa-service-2-466x450.jpeg\" alt=\"\" width=\"719\" height=\"694\" srcset=\"https:\/\/www.giurgiuveanul.ro\/stiri\/wp-content\/uploads\/2025\/05\/apa-service-2-466x450.jpeg 466w, https:\/\/www.giurgiuveanul.ro\/stiri\/wp-content\/uploads\/2025\/05\/apa-service-2-250x241.jpeg 250w, https:\/\/www.giurgiuveanul.ro\/stiri\/wp-content\/uploads\/2025\/05\/apa-service-2-768x741.jpeg 768w, https:\/\/www.giurgiuveanul.ro\/stiri\/wp-content\/uploads\/2025\/05\/apa-service-2-400x386.jpeg 400w, https:\/\/www.giurgiuveanul.ro\/stiri\/wp-content\/uploads\/2025\/05\/apa-service-2.jpeg 940w\" sizes=\"auto, (max-width: 719px) 100vw, 719px\" \/><\/a><\/p>\n<p style=\"text-align: justify;\">Desenele sunt a\u0219teptate p\u00e2n\u0103 la data de 21 mai iar dup\u0103 jurizare se vor acorda 8 premii, c\u00e2te 4 pentru fiecare categorie.<\/p>\n<p style=\"text-align: justify;\">\u00a0Oranizatorii garanteaz\u0103 c\u0103 au preg\u0103tit premii cu totul \u0219i cu totul speciale- SURPRIZ\u0102!<\/p>\n<p style=\"text-align: justify;\">Regulamentul concursului poate fi g\u0103sit pe site-ul societ\u0103\u021bii\u00a0\u00a0\u00a0\u00a0 apagiurgiu.ro\u00a0\u00a0 sau acces\u00e2nd link-ul:\u00a0\u00a0 <a href=\"https:\/\/apagiurgiu.ro\/actiuni-pentru-copii-si-elevi\/am-dat-startul-celei-de-a-v-a-editii-a-concursului-de-desen-apa-izvorul-vietii\/\">Am dat STARTUL celei de-a V-a edi\u021bii a concursului de desen \u201dApa, Izvorul Vie\u021bii\u201d &#8211; apagiurgiu.ro<\/a><\/p>\n","protected":false},"excerpt":{"rendered":"<p>Concursul nostru \u201cAPA, IZVORUL VIE\u021aII\u201d,<\/p>\n","protected":false},"author":1,"featured_media":0,"comment_status":"open","ping_status":"open","sticky":false,"template":"","format":"standard","meta":{"footnotes":""},"categories":[1],"tags":[],"class_list":["post-114850","post","type-post","status-publish","format-standard","hentry","category-actualitate"],"_links":{"self":[{"href":"https:\/\/www.giurgiuveanul.ro\/stiri\/wp-json\/wp\/v2\/posts\/114850","targetHints":{"allow":["GET"]}}],"collection":[{"href":"https:\/\/www.giurgiuveanul.ro\/stiri\/wp-json\/wp\/v2\/posts"}],"about":[{"href":"https:\/\/www.giurgiuveanul.ro\/stiri\/wp-json\/wp\/v2\/types\/post"}],"author":[{"embeddable":true,"href":"https:\/\/www.giurgiuveanul.ro\/stiri\/wp-json\/wp\/v2\/users\/1"}],"replies":[{"embeddable":true,"href":"https:\/\/www.giurgiuveanul.ro\/stiri\/wp-json\/wp\/v2\/comments?post=114850"}],"version-history":[{"count":2,"href":"https:\/\/www.giurgiuveanul.ro\/stiri\/wp-json\/wp\/v2\/posts\/114850\/revisions"}],"predecessor-version":[{"id":114852,"href":"https:\/\/www.giurgiuveanul.ro\/stiri\/wp-json\/wp\/v2\/posts\/114850\/revisions\/114852"}],"wp:attachment":[{"href":"https:\/\/www.giurgiuveanul.ro\/stiri\/wp-json\/wp\/v2\/media?parent=114850"}],"wp:term":[{"taxonomy":"category","embeddable":true,"href":"https:\/\/www.giurgiuveanul.ro\/stiri\/wp-json\/wp\/v2\/categories?post=114850"},{"taxonomy":"post_tag","embeddable":true,"href":"https:\/\/www.giurgiuveanul.ro\/stiri\/wp-json\/wp\/v2\/tags?post=114850"}],"curies":[{"name":"wp","href":"https:\/\/api.w.org\/{rel}","templated":true}]}}