{"id":114875,"date":"2025-05-15T14:55:33","date_gmt":"2025-05-15T11:55:33","guid":{"rendered":"https:\/\/www.giurgiuveanul.ro\/stiri\/?p=114875"},"modified":"2025-05-15T14:55:33","modified_gmt":"2025-05-15T11:55:33","slug":"accident-rutier-soldat-cu-o-victima-astazi-in-jurul-pranzului","status":"publish","type":"post","link":"https:\/\/www.giurgiuveanul.ro\/stiri\/accident-rutier-soldat-cu-o-victima-astazi-in-jurul-pranzului\/","title":{"rendered":"ACCIDENT RUTIER soldat cu o victim\u0103, ast\u0103zi, \u00een jurul pr\u00e2nzului"},"content":{"rendered":"<p style=\"text-align: justify;\"><strong><a href=\"https:\/\/www.giurgiuveanul.ro\/stiri\/wp-content\/uploads\/2025\/05\/00000-accident-parcul-national.jpg\"><img loading=\"lazy\" decoding=\"async\" class=\"aligncenter  wp-image-114876\" src=\"https:\/\/www.giurgiuveanul.ro\/stiri\/wp-content\/uploads\/2025\/05\/00000-accident-parcul-national-526x450.jpg\" alt=\"\" width=\"685\" height=\"586\" srcset=\"https:\/\/www.giurgiuveanul.ro\/stiri\/wp-content\/uploads\/2025\/05\/00000-accident-parcul-national-526x450.jpg 526w, https:\/\/www.giurgiuveanul.ro\/stiri\/wp-content\/uploads\/2025\/05\/00000-accident-parcul-national-250x214.jpg 250w, https:\/\/www.giurgiuveanul.ro\/stiri\/wp-content\/uploads\/2025\/05\/00000-accident-parcul-national-768x657.jpg 768w, https:\/\/www.giurgiuveanul.ro\/stiri\/wp-content\/uploads\/2025\/05\/00000-accident-parcul-national-400x342.jpg 400w, https:\/\/www.giurgiuveanul.ro\/stiri\/wp-content\/uploads\/2025\/05\/00000-accident-parcul-national.jpg 1000w\" sizes=\"auto, (max-width: 685px) 100vw, 685px\" \/><\/a>Un t\u00e2nar a<!--more--> avut nevoie de \u00eengrijiri medicale dup\u0103 ce autoturismul \u00een care se afla a c\u0103zut \u00een Delta Neajlovului. Evenimentul s-a produs ast\u0103zi, \u00een jurul pr\u00e2nzului, \u00eentre localit\u0103\u021bile Comana \u0219i Budeni \u2013 potrivit ISU Giurgiu.<\/strong><\/p>\n<p style=\"text-align: justify;\">La fa\u021ba locului s-au deplasat pompierii din cadrul Sta\u021biei Coliba\u0219i, cu o autospecial\u0103 de stingere, o ambulan\u021b\u0103 SAJ \u0219i poli\u021bia.<\/p>\n<p style=\"text-align: justify;\">Ace\u0219tia au constatat faptul c\u0103 \u00een accident a fost implicat un singur autoturism, g\u0103sit r\u0103sturnat pe plafon \u00eentr-o zon\u0103 ml\u0103\u0219tinoas\u0103. Cei doi tineri care se aflau \u00een ma\u0219in\u0103, ambii \u00een v\u00e2rst\u0103 de 19 ani, s-au autoevacuat.<\/p>\n<p style=\"text-align: justify;\">Pasagerul a fost preluat de ambulan\u021b\u0103 \u0219i transportat la spital.<\/p>\n<p style=\"text-align: justify;\">Pompierii au asigurat m\u0103surile de prevenire a incendiilor, iar cazul a r\u0103mas \u00een aten\u021bia poli\u021biei pentru cercet\u0103ri.<\/p>\n","protected":false},"excerpt":{"rendered":"<p>Un t\u00e2nar a<\/p>\n","protected":false},"author":1,"featured_media":0,"comment_status":"open","ping_status":"open","sticky":false,"template":"","format":"standard","meta":{"footnotes":""},"categories":[6],"tags":[],"class_list":["post-114875","post","type-post","status-publish","format-standard","hentry","category-breaking-news"],"_links":{"self":[{"href":"https:\/\/www.giurgiuveanul.ro\/stiri\/wp-json\/wp\/v2\/posts\/114875","targetHints":{"allow":["GET"]}}],"collection":[{"href":"https:\/\/www.giurgiuveanul.ro\/stiri\/wp-json\/wp\/v2\/posts"}],"about":[{"href":"https:\/\/www.giurgiuveanul.ro\/stiri\/wp-json\/wp\/v2\/types\/post"}],"author":[{"embeddable":true,"href":"https:\/\/www.giurgiuveanul.ro\/stiri\/wp-json\/wp\/v2\/users\/1"}],"replies":[{"embeddable":true,"href":"https:\/\/www.giurgiuveanul.ro\/stiri\/wp-json\/wp\/v2\/comments?post=114875"}],"version-history":[{"count":1,"href":"https:\/\/www.giurgiuveanul.ro\/stiri\/wp-json\/wp\/v2\/posts\/114875\/revisions"}],"predecessor-version":[{"id":114877,"href":"https:\/\/www.giurgiuveanul.ro\/stiri\/wp-json\/wp\/v2\/posts\/114875\/revisions\/114877"}],"wp:attachment":[{"href":"https:\/\/www.giurgiuveanul.ro\/stiri\/wp-json\/wp\/v2\/media?parent=114875"}],"wp:term":[{"taxonomy":"category","embeddable":true,"href":"https:\/\/www.giurgiuveanul.ro\/stiri\/wp-json\/wp\/v2\/categories?post=114875"},{"taxonomy":"post_tag","embeddable":true,"href":"https:\/\/www.giurgiuveanul.ro\/stiri\/wp-json\/wp\/v2\/tags?post=114875"}],"curies":[{"name":"wp","href":"https:\/\/api.w.org\/{rel}","templated":true}]}}