{"id":115101,"date":"2025-05-24T10:09:45","date_gmt":"2025-05-24T07:09:45","guid":{"rendered":"https:\/\/www.giurgiuveanul.ro\/stiri\/?p=115101"},"modified":"2025-05-24T10:09:45","modified_gmt":"2025-05-24T07:09:45","slug":"cetatean-roman-arestat-preventiv-pentru-trafic-de-migranti","status":"publish","type":"post","link":"https:\/\/www.giurgiuveanul.ro\/stiri\/cetatean-roman-arestat-preventiv-pentru-trafic-de-migranti\/","title":{"rendered":"Cet\u0103\u0163ean rom\u00e2n arestat preventiv pentru trafic de migran\u0163i"},"content":{"rendered":"<p style=\"text-align: justify;\"><strong><a href=\"https:\/\/www.giurgiuveanul.ro\/stiri\/wp-content\/uploads\/2025\/05\/000-migranti-0.jpg\"><img loading=\"lazy\" decoding=\"async\" class=\"aligncenter  wp-image-115102\" src=\"https:\/\/www.giurgiuveanul.ro\/stiri\/wp-content\/uploads\/2025\/05\/000-migranti-0-560x380.jpg\" alt=\"\" width=\"696\" height=\"472\" srcset=\"https:\/\/www.giurgiuveanul.ro\/stiri\/wp-content\/uploads\/2025\/05\/000-migranti-0-560x380.jpg 560w, https:\/\/www.giurgiuveanul.ro\/stiri\/wp-content\/uploads\/2025\/05\/000-migranti-0-250x170.jpg 250w, https:\/\/www.giurgiuveanul.ro\/stiri\/wp-content\/uploads\/2025\/05\/000-migranti-0-768x521.jpg 768w, https:\/\/www.giurgiuveanul.ro\/stiri\/wp-content\/uploads\/2025\/05\/000-migranti-0-400x271.jpg 400w, https:\/\/www.giurgiuveanul.ro\/stiri\/wp-content\/uploads\/2025\/05\/000-migranti-0.jpg 845w\" sizes=\"auto, (max-width: 696px) 100vw, 696px\" \/><\/a>Poli\u021bi\u0219tii de frontier\u0103 din cadrul Inspectoratului Teritorial al Poli\u021biei de Frontier\u0103 Giurgiu<!--more--> au depistat, \u00een urma verific\u0103rii unui autoturism, trei cet\u0103\u021beni str\u0103ini f\u0103r\u0103 documente de identitate.<\/strong><\/p>\n<p style=\"text-align: justify;\"><em>\u0218oferul ma\u0219inii, un cet\u0103\u021bean rom\u00e2n, a fost arestat preventiv pentru 30 de zile pentru trafic de migran\u021bi.<\/em><\/p>\n<p><a href=\"https:\/\/www.giurgiuveanul.ro\/stiri\/wp-content\/uploads\/2025\/05\/000-migranti-1.jpg\"><img loading=\"lazy\" decoding=\"async\" class=\"aligncenter  wp-image-115103\" src=\"https:\/\/www.giurgiuveanul.ro\/stiri\/wp-content\/uploads\/2025\/05\/000-migranti-1-560x336.jpg\" alt=\"\" width=\"683\" height=\"410\" srcset=\"https:\/\/www.giurgiuveanul.ro\/stiri\/wp-content\/uploads\/2025\/05\/000-migranti-1-560x336.jpg 560w, https:\/\/www.giurgiuveanul.ro\/stiri\/wp-content\/uploads\/2025\/05\/000-migranti-1-250x150.jpg 250w, https:\/\/www.giurgiuveanul.ro\/stiri\/wp-content\/uploads\/2025\/05\/000-migranti-1-768x461.jpg 768w, https:\/\/www.giurgiuveanul.ro\/stiri\/wp-content\/uploads\/2025\/05\/000-migranti-1-400x240.jpg 400w, https:\/\/www.giurgiuveanul.ro\/stiri\/wp-content\/uploads\/2025\/05\/000-migranti-1.jpg 1200w\" sizes=\"auto, (max-width: 683px) 100vw, 683px\" \/><\/a><\/p>\n<p style=\"text-align: justify;\">\u00cen data de 21.05.2025, \u00een jurul orei 02:35, poli\u021bi\u0219tii de frontier\u0103 din cadrul Inspectoratului Teritorial al Poli\u021biei de Frontier\u0103 Giurgiu, afla\u021bi \u00een exercitarea atribu\u021biilor de serviciu pe DN 5, au oprit pentru verificare un autoturism \u00eenmatriculat \u00een Rom\u00e2nia. Vehiculul era condus de un cet\u0103\u021bean rom\u00e2n, \u00een v\u00e2rst\u0103 de 62 de ani, care se deplasa pe direc\u021bia Bulgaria \u2013 Rom\u00e2nia, av\u00e2nd ca pasageri trei b\u0103rba\u021bi.<\/p>\n<p style=\"text-align: justify;\">\u00cen urma controlului, colegii no\u015ftri au constatat c\u0103 cei trei b\u0103rba\u021bi nu de\u021bin documente de identitate, ace\u0219tia declar\u00e2nd verbal c\u0103 sunt cet\u0103\u021beni din Afganistan.<\/p>\n<p style=\"text-align: justify;\">Av\u00e2nd \u00een vedere cele constatate \u0219i \u00een baza Acordului de Readmisie, cet\u0103\u021benii str\u0103ini au fost preda\u021bi autorit\u0103\u021bilor de frontier\u0103 din Bulgaria.<\/p>\n<p style=\"text-align: justify;\">Totodat\u0103, preciz\u0103m c\u0103 cet\u0103\u0163eanul rom\u00e2n a fost arestat preventiv la data de <strong>22.05.2025,<\/strong> pentru 30 de zile, acesta fiind cercetat pentru s\u0103v\u00e2r\u0219irea infrac\u021biunii de\u00a0<em>trafic de migran\u021bi<\/em>, prev\u0103zut\u0103 de art. 263 alin. 1 \u0219i alin. 2 lit. a din Codul penal.<\/p>\n<p style=\"text-align: justify;\">Poli\u021bia de Frontier\u0103 continu\u0103 ac\u021biunile de prevenire \u0219i combatere a migra\u021biei ilegale, precum \u0219i de depistare a celor care \u00eencalc\u0103 legisla\u021bia \u00een vigoare.<\/p>\n<p style=\"text-align: justify;\"><em>Dup\u0103 aderarea complet\u0103 a Rom\u00e2niei la Spa\u021biul Schengen, Poli\u021bia de Frontier\u0103 continu\u0103 s\u0103 ac\u021bioneze pe baza analizelor de risc pentru a asigura securitatea grani\u021belor \u021b\u0103rii. De asemenea, competen\u021ba \u00een gestionarea migra\u021biei ilegale r\u0103m\u00e2ne la nivel na\u021bional, pentru o gestionare eficient\u0103 a acestui tip de infrac\u021bionalitate.<\/em><\/p>\n","protected":false},"excerpt":{"rendered":"<p>Poli\u021bi\u0219tii de frontier\u0103 din cadrul Inspectoratului Teritorial al Poli\u021biei de Frontier\u0103 Giurgiu<\/p>\n","protected":false},"author":1,"featured_media":0,"comment_status":"open","ping_status":"open","sticky":false,"template":"","format":"standard","meta":{"footnotes":""},"categories":[6],"tags":[],"class_list":["post-115101","post","type-post","status-publish","format-standard","hentry","category-breaking-news"],"_links":{"self":[{"href":"https:\/\/www.giurgiuveanul.ro\/stiri\/wp-json\/wp\/v2\/posts\/115101","targetHints":{"allow":["GET"]}}],"collection":[{"href":"https:\/\/www.giurgiuveanul.ro\/stiri\/wp-json\/wp\/v2\/posts"}],"about":[{"href":"https:\/\/www.giurgiuveanul.ro\/stiri\/wp-json\/wp\/v2\/types\/post"}],"author":[{"embeddable":true,"href":"https:\/\/www.giurgiuveanul.ro\/stiri\/wp-json\/wp\/v2\/users\/1"}],"replies":[{"embeddable":true,"href":"https:\/\/www.giurgiuveanul.ro\/stiri\/wp-json\/wp\/v2\/comments?post=115101"}],"version-history":[{"count":1,"href":"https:\/\/www.giurgiuveanul.ro\/stiri\/wp-json\/wp\/v2\/posts\/115101\/revisions"}],"predecessor-version":[{"id":115104,"href":"https:\/\/www.giurgiuveanul.ro\/stiri\/wp-json\/wp\/v2\/posts\/115101\/revisions\/115104"}],"wp:attachment":[{"href":"https:\/\/www.giurgiuveanul.ro\/stiri\/wp-json\/wp\/v2\/media?parent=115101"}],"wp:term":[{"taxonomy":"category","embeddable":true,"href":"https:\/\/www.giurgiuveanul.ro\/stiri\/wp-json\/wp\/v2\/categories?post=115101"},{"taxonomy":"post_tag","embeddable":true,"href":"https:\/\/www.giurgiuveanul.ro\/stiri\/wp-json\/wp\/v2\/tags?post=115101"}],"curies":[{"name":"wp","href":"https:\/\/api.w.org\/{rel}","templated":true}]}}