{"id":115473,"date":"2025-06-05T14:57:34","date_gmt":"2025-06-05T11:57:34","guid":{"rendered":"https:\/\/www.giurgiuveanul.ro\/stiri\/?p=115473"},"modified":"2025-06-05T14:57:34","modified_gmt":"2025-06-05T11:57:34","slug":"echipele-proiectului-green-harmony-s-au-reunit-la-giurgiu-pentru-lansarea-oficiala-a-initiativei-ecologice-transfrontaliere","status":"publish","type":"post","link":"https:\/\/www.giurgiuveanul.ro\/stiri\/echipele-proiectului-green-harmony-s-au-reunit-la-giurgiu-pentru-lansarea-oficiala-a-initiativei-ecologice-transfrontaliere\/","title":{"rendered":"Echipele proiectului \u201cGreen Harmony\u201d s-au reunit la Giurgiu pentru lansarea oficial\u0103 a ini\u021biativei ecologice transfrontaliere"},"content":{"rendered":"<p style=\"text-align: justify;\"><strong><a href=\"https:\/\/www.giurgiuveanul.ro\/stiri\/wp-content\/uploads\/2025\/06\/primarie-1.jpg\"><img loading=\"lazy\" decoding=\"async\" class=\"aligncenter  wp-image-115474\" src=\"https:\/\/www.giurgiuveanul.ro\/stiri\/wp-content\/uploads\/2025\/06\/primarie-1-560x373.jpg\" alt=\"\" width=\"676\" height=\"450\" srcset=\"https:\/\/www.giurgiuveanul.ro\/stiri\/wp-content\/uploads\/2025\/06\/primarie-1-560x373.jpg 560w, https:\/\/www.giurgiuveanul.ro\/stiri\/wp-content\/uploads\/2025\/06\/primarie-1-250x167.jpg 250w, https:\/\/www.giurgiuveanul.ro\/stiri\/wp-content\/uploads\/2025\/06\/primarie-1-768x512.jpg 768w, https:\/\/www.giurgiuveanul.ro\/stiri\/wp-content\/uploads\/2025\/06\/primarie-1-1536x1024.jpg 1536w, https:\/\/www.giurgiuveanul.ro\/stiri\/wp-content\/uploads\/2025\/06\/primarie-1-400x267.jpg 400w, https:\/\/www.giurgiuveanul.ro\/stiri\/wp-content\/uploads\/2025\/06\/primarie-1.jpg 2048w\" sizes=\"auto, (max-width: 676px) 100vw, 676px\" \/><\/a>Proiectul european \u201eGreen Harmony: Promovarea<!--more--> rezilien\u021bei ecosistemului prin investi\u021bii \u00een zonele verzi urbane \u0219i periurbane din municipiile Vetovo \u0219i Giurgiu\u201d a fost lansat oficial recent la Giurgiu, \u00een prezen\u021ba autorit\u0103\u021bilor locale \u0219i a partenerilor bulgari implica\u021bi \u00een ini\u021biativ\u0103. Evenimentul marcheaz\u0103 cel de-al doilea moment de prezentare public\u0103 a proiectului, dup\u0103 cel desf\u0103\u0219urat \u00een 5 mai la Vetovo, Bulgaria, ora\u0219 lider al proiectului.<\/strong><\/p>\n<p><a href=\"https:\/\/www.giurgiuveanul.ro\/stiri\/wp-content\/uploads\/2025\/06\/primarie-2.jpg\"><img loading=\"lazy\" decoding=\"async\" class=\"aligncenter  wp-image-115475\" src=\"https:\/\/www.giurgiuveanul.ro\/stiri\/wp-content\/uploads\/2025\/06\/primarie-2-560x373.jpg\" alt=\"\" width=\"661\" height=\"440\" srcset=\"https:\/\/www.giurgiuveanul.ro\/stiri\/wp-content\/uploads\/2025\/06\/primarie-2-560x373.jpg 560w, https:\/\/www.giurgiuveanul.ro\/stiri\/wp-content\/uploads\/2025\/06\/primarie-2-250x167.jpg 250w, https:\/\/www.giurgiuveanul.ro\/stiri\/wp-content\/uploads\/2025\/06\/primarie-2-768x512.jpg 768w, https:\/\/www.giurgiuveanul.ro\/stiri\/wp-content\/uploads\/2025\/06\/primarie-2-1536x1024.jpg 1536w, https:\/\/www.giurgiuveanul.ro\/stiri\/wp-content\/uploads\/2025\/06\/primarie-2-400x267.jpg 400w, https:\/\/www.giurgiuveanul.ro\/stiri\/wp-content\/uploads\/2025\/06\/primarie-2.jpg 2048w\" sizes=\"auto, (max-width: 661px) 100vw, 661px\" \/><\/a> <a href=\"https:\/\/www.giurgiuveanul.ro\/stiri\/wp-content\/uploads\/2025\/06\/primarie-3.jpg\"><img loading=\"lazy\" decoding=\"async\" class=\"aligncenter  wp-image-115476\" src=\"https:\/\/www.giurgiuveanul.ro\/stiri\/wp-content\/uploads\/2025\/06\/primarie-3-560x373.jpg\" alt=\"\" width=\"661\" height=\"440\" srcset=\"https:\/\/www.giurgiuveanul.ro\/stiri\/wp-content\/uploads\/2025\/06\/primarie-3-560x373.jpg 560w, https:\/\/www.giurgiuveanul.ro\/stiri\/wp-content\/uploads\/2025\/06\/primarie-3-250x167.jpg 250w, https:\/\/www.giurgiuveanul.ro\/stiri\/wp-content\/uploads\/2025\/06\/primarie-3-768x512.jpg 768w, https:\/\/www.giurgiuveanul.ro\/stiri\/wp-content\/uploads\/2025\/06\/primarie-3-1536x1024.jpg 1536w, https:\/\/www.giurgiuveanul.ro\/stiri\/wp-content\/uploads\/2025\/06\/primarie-3-400x267.jpg 400w, https:\/\/www.giurgiuveanul.ro\/stiri\/wp-content\/uploads\/2025\/06\/primarie-3.jpg 2048w\" sizes=\"auto, (max-width: 661px) 100vw, 661px\" \/><\/a><\/p>\n<p style=\"text-align: justify;\">Gazda evenimentului a fost viceprimarul Municipiului Giurgiu, <strong>Ionel Muscalu<\/strong>, al\u0103turi de administratorul public <strong>Marius Olteanu<\/strong> \u0219i echipa local\u0103 de implementare. Din partea bulgar\u0103, au participat primarul ora\u0219ului Vetovo, <strong>dr. Mehmed Mehmed<\/strong>, precum \u0219i directorul executiv al Asocia\u021biei Euroregiunea Danubius \u201eRuse-Giurgiu\u201d, <strong>Lili Ganceva<\/strong>.<\/p>\n<p style=\"text-align: justify;\">Reprezentan\u021bii executivului giurgiuvean au salutat proiectul ca fiind o oportunitate semnificativ\u0103 pentru dezvoltarea durabil\u0103 a celor dou\u0103 comunit\u0103\u021bi, subliniind importan\u021ba colabor\u0103rii transfrontaliere \u00een domeniul protec\u021biei mediului.<\/p>\n<p style=\"text-align: justify;\"><em>\u201ePutem s\u0103 fim mai mult dec\u00e2t buni vecini, putem colabora \u00een multe domenii\u201d,<\/em> a declarat viceprimarul Ionel Muscalu.<\/p>\n<p style=\"text-align: justify;\">La r\u00e2ndul s\u0103u, administratorul public Marius Olteanu a apreciat sprijinul financiar oferit de Uniunea European\u0103 prin intermediul axelor verzi, ce permit reamenajarea ecologic\u0103 a zonelor urbane.<\/p>\n<p style=\"text-align: justify;\">Managerul de proiect din partea Prim\u0103riei Giurgiu, <strong>Roxana \u021aancov<\/strong>, a prezentat detalii despre obiectivele, activit\u0103\u021bile \u0219i rezultatele estimate ale proiectului, care vizeaz\u0103 modernizarea spa\u021biilor verzi \u0219i cre\u0219terea rezilien\u021bei ecosistemelor urbane.<\/p>\n<p style=\"text-align: justify;\">Proiectul are o valoare total\u0103 de 3.500.000 de euro, din care 1.875.000 de euro revin Municipiului Giurgiu (1.714.000 euro \u2013 fonduri nerambursabile \u0219i 162.000 euro \u2013 contribu\u021bie proprie). \u00cen cadrul investi\u021biei, \u00een zona adiacenta Lacului Prietenia \u2013 Steaua Dun\u0103rii vor fi amenajate \u0219i modernizate dou\u0103 hectare de spa\u021biu verde, contribuind la \u00eembun\u0103t\u0103\u021birea calit\u0103\u021bii vie\u021bii locuitorilor \u0219i la crearea unui spa\u021biu urban mai prietenos cu mediul.<\/p>\n<p style=\"text-align: justify;\">Printre activit\u0103\u021bile prev\u0103zute se num\u0103r\u0103:<\/p>\n<ul style=\"text-align: justify;\">\n<li>realizarea de alei pietonale;<\/li>\n<li>amenajarea a aproximativ 1,5 ha de spa\u021bii verzi;<\/li>\n<li>instalarea de mobilier urban nou (b\u0103nci, co\u0219uri de gunoi);<\/li>\n<li>iluminat ambiental cu panouri fotovoltaice;<\/li>\n<li>zone de observare a naturii;<\/li>\n<li>refacerea terenurilor afectate de lucr\u0103ri.<\/li>\n<\/ul>\n<p style=\"text-align: justify;\">Pe l\u00e2ng\u0103 componenta fizic\u0103, proiectul include \u0219i o dimensiune educa\u021bional\u0103, printr-un program de schimb de elevi \u00eentre Giurgiu \u0219i Vetovo. Tinerii vor participa la ateliere comune desf\u0103\u0219urate \u00een spa\u021biile verzi modernizate, \u00eenv\u0103\u021b\u00e2nd despre protejarea biodiversit\u0103\u021bii, reciclare, plantarea copacilor \u0219i adaptarea la schimb\u0103rile climatice.<\/p>\n<p style=\"text-align: justify;\">Proiectul este implementat \u00een cadrul Programului Interreg VI-A Rom\u00e2nia-Bulgaria 2021\u20132027, Axa prioritar\u0103 2 \u2013 \u201eRegiune mai verde\u201d, \u0219i promoveaz\u0103 cooperarea bilateral\u0103 pentru un viitor sustenabil. Lansarea oficial\u0103 a proiectului \u00een Giurgiu, printr-o conferin\u021b\u0103 public\u0103, este programat\u0103 s\u0103 aib\u0103 loc la \u00eenceputul lunii iulie.<\/p>\n","protected":false},"excerpt":{"rendered":"<p>Proiectul european \u201eGreen Harmony: Promovarea<\/p>\n","protected":false},"author":1,"featured_media":0,"comment_status":"open","ping_status":"open","sticky":false,"template":"","format":"standard","meta":{"footnotes":""},"categories":[1],"tags":[],"class_list":["post-115473","post","type-post","status-publish","format-standard","hentry","category-actualitate"],"_links":{"self":[{"href":"https:\/\/www.giurgiuveanul.ro\/stiri\/wp-json\/wp\/v2\/posts\/115473","targetHints":{"allow":["GET"]}}],"collection":[{"href":"https:\/\/www.giurgiuveanul.ro\/stiri\/wp-json\/wp\/v2\/posts"}],"about":[{"href":"https:\/\/www.giurgiuveanul.ro\/stiri\/wp-json\/wp\/v2\/types\/post"}],"author":[{"embeddable":true,"href":"https:\/\/www.giurgiuveanul.ro\/stiri\/wp-json\/wp\/v2\/users\/1"}],"replies":[{"embeddable":true,"href":"https:\/\/www.giurgiuveanul.ro\/stiri\/wp-json\/wp\/v2\/comments?post=115473"}],"version-history":[{"count":1,"href":"https:\/\/www.giurgiuveanul.ro\/stiri\/wp-json\/wp\/v2\/posts\/115473\/revisions"}],"predecessor-version":[{"id":115477,"href":"https:\/\/www.giurgiuveanul.ro\/stiri\/wp-json\/wp\/v2\/posts\/115473\/revisions\/115477"}],"wp:attachment":[{"href":"https:\/\/www.giurgiuveanul.ro\/stiri\/wp-json\/wp\/v2\/media?parent=115473"}],"wp:term":[{"taxonomy":"category","embeddable":true,"href":"https:\/\/www.giurgiuveanul.ro\/stiri\/wp-json\/wp\/v2\/categories?post=115473"},{"taxonomy":"post_tag","embeddable":true,"href":"https:\/\/www.giurgiuveanul.ro\/stiri\/wp-json\/wp\/v2\/tags?post=115473"}],"curies":[{"name":"wp","href":"https:\/\/api.w.org\/{rel}","templated":true}]}}