{"id":115689,"date":"2025-06-14T10:59:55","date_gmt":"2025-06-14T07:59:55","guid":{"rendered":"https:\/\/www.giurgiuveanul.ro\/stiri\/?p=115689"},"modified":"2025-06-16T08:31:16","modified_gmt":"2025-06-16T05:31:16","slug":"take-it-esti-mai-mult-decat-crezi-tu-ca-esti","status":"publish","type":"post","link":"https:\/\/www.giurgiuveanul.ro\/stiri\/take-it-esti-mai-mult-decat-crezi-tu-ca-esti\/","title":{"rendered":"Take IT E\u0219ti mai mult dec\u00e2t crezi TU c\u0103 e\u0219ti!"},"content":{"rendered":"<p>Take IT este o chemare c\u0103tre a accepta provocarea de a fi mai mult dec\u00e2t crezi TU c\u0103 e\u0219ti! <!--more--><\/p>\n<p>Tu nu e\u0219ti cine ai fost \u00eenv\u0103\u021bat s\u0103 fii. Tu e\u0219ti creatorul propriei realit\u0103\u021bi. Iar evenimentul din 12 septembrie e momentul \u00een care acest lucru devine \u0219i mai clar.<\/p>\n<h2>Ce te a\u0219teapt\u0103 dac\u0103 accep\u021bi provocarea?<\/h2>\n<p>Pentru c\u00e2teva ore, construim un spa\u021biu sigur pentru \u00eentreb\u0103ri grele, revela\u021bii profunde \u0219i conversa\u021bii care nu se mai opresc la suprafa\u021b\u0103. Un spa\u021biu \u00een care nu trebuie s\u0103 fii perfect, ci prezent; \u00een care renun\u021b\u0103m la regulile false preluate de mici \u2013 \u0219i ne alegem, \u00een sf\u00e2r\u0219it, pe noi.<\/p>\n<p>Este locul unde \u00eencepi s\u0103 rescrii regulile care nu-\u021bi mai servesc. De la introspec\u021bie la ac\u021biune. De la BRULES (Bullshit rules) \u2013 la libertate interioar\u0103.<br \/>\nPe scen\u0103, ghizii t\u0103i \u00een aceast\u0103 resetare:<\/p>\n<p>Moderator: <strong>Bob R\u0103dulescu<\/strong> \u2013 E cel care conecteaz\u0103 pove\u0219tile, pune \u00eentreb\u0103rile potrivite \u0219i \u021bine spa\u021biul viu, uman \u0219i profund. Crede cu t\u0103rie c\u0103: \u201eEduca\u021bia este singurul lucru care poate salva o na\u021biune.\u201d &#8211; ceea ce motiveaz\u0103 \u0219i \u00eentreaga mi\u0219care care ia na\u0219tere odat\u0103 cu acest eveniment.<\/p>\n<p>Vom explora <strong>BRULES<\/strong> astfel:<\/p>\n<p><strong>Paul Olteanu<\/strong> \u2013 Copilul care am fost. Omul care am devenit. \u0218i BRULES-urile care n-au mai mers. Despre cum convingerile din copil\u0103rie ne ghideaz\u0103 via\u021ba de adult \u2013 \u0219i cum ne eliber\u0103m de ele.<br \/>\n<strong>Andy Szekely<\/strong> \u2013 Managementul vie\u021bii: cum \u00ee\u021bi organizezi obiectivele \u0219i priorit\u0103\u021bile s\u0103 fie ale tale, nu ale celorlal\u021bi. Despre resetarea direc\u021biei personale \u00eentr-o lume care trage de tine din toate p\u0103r\u021bile.<br \/>\n<strong>Alina Andriu\u021b\u0103<\/strong> \u2013 Cum duci transformarea interioar\u0103 \u00een impact, mesaj autentic \u0219i vizibilitate. O punte \u00eentre vindecare \u0219i vizibilitate. Despre cum vinzi f\u0103r\u0103 s\u0103 te pierzi.<br \/>\n<strong>Andrei Dunu\u021b\u0103<\/strong> \u2013 Despre arta de a NU vinde \u0219i curajul de a fi giver autentic. Eliberarea de BRULE-ul \u201etrebuie s\u0103 for\u021bezi ca s\u0103 convingi\u201d.<br \/>\n<strong>Simona Ciff<\/strong> \u2013 \u00cencrederea \u00een sine \u00eencepe devreme \u2013 \u0219i se reconstruie\u0219te con\u0219tient. Cele 18 coduri care ne modeleaz\u0103 vocea interioar\u0103 din adolescen\u021b\u0103 \u0219i cum o rescriem.<br \/>\n<strong>Daniel Buzdugan<\/strong> \u2013 Autentic \u00eenseamn\u0103 uman \u2013 nu perfect. Despre renun\u021barea la BRULE-ul imaginii impecabile. Puterea de a r\u0103m\u00e2ne om.<\/p>\n<h2>De ce s\u0103 vii?<\/h2>\n<p>Pentru c\u0103 e timpul s\u0103\u2026<br \/>\nElimini cel pu\u021bin o regul\u0103 care nu-\u021bi mai apar\u021bine<br \/>\n\u00ce\u021bi clarifici direc\u021bia \u2013 din interior, nu din presiune<br \/>\nSpui cu voce tare ce \u0219tii deja \u00een tine<br \/>\n\u00ce\u021bi g\u0103se\u0219ti tribul \u2013 oameni care simt \u0219i caut\u0103 ceea ce cau\u021bi \u0219i tu<br \/>\nFaci un pas \u00eenainte, nu doar mental \u2013 pleci cu claritate \u0219i ac\u021biune.<\/p>\n<p><strong>Dac\u0103 \u021bi-ai pus vreodat\u0103 \u00eentrebarea:<\/strong><br \/>\n\u201e<a href=\"https:\/\/www.iasi4u.ro\/takeit-esti-mai-mult-decat-crezi-brasov-12-septembrie\/\"><em>Cine sunt eu, dincolo de ce s-a spus c\u0103 ar trebui s\u0103 fiu?<\/em><\/a>\u201d<\/p>\n<p>Locul t\u0103u e aici.<br \/>\n12 septembrie | ora 18:00 | Lux Divina | BRA\u0218OV<br \/>\n\ufe0f Locuri limitate.<br \/>\n\u00cencepem la ora 17:00 cu welcome &amp; networking.<br \/>\nDo you TAKE IT? <a href=\"https:\/\/www.takeit.ro\/\" target=\"_blank\" rel=\"noopener\">https:\/\/www.takeit.ro\/<\/a><\/p>\n<p><a href=\"https:\/\/www.giurgiuveanul.ro\/stiri\/wp-content\/uploads\/2025\/06\/WhatsApp-Image-2025-06-14-at-08.53.02.jpeg\"><img loading=\"lazy\" decoding=\"async\" class=\"aligncenter wp-image-115691 \" src=\"https:\/\/www.giurgiuveanul.ro\/stiri\/wp-content\/uploads\/2025\/06\/WhatsApp-Image-2025-06-14-at-08.53.02.jpeg\" alt=\"\" width=\"643\" height=\"909\" srcset=\"https:\/\/www.giurgiuveanul.ro\/stiri\/wp-content\/uploads\/2025\/06\/WhatsApp-Image-2025-06-14-at-08.53.02.jpeg 1131w, https:\/\/www.giurgiuveanul.ro\/stiri\/wp-content\/uploads\/2025\/06\/WhatsApp-Image-2025-06-14-at-08.53.02-212x300.jpeg 212w, https:\/\/www.giurgiuveanul.ro\/stiri\/wp-content\/uploads\/2025\/06\/WhatsApp-Image-2025-06-14-at-08.53.02-318x450.jpeg 318w, https:\/\/www.giurgiuveanul.ro\/stiri\/wp-content\/uploads\/2025\/06\/WhatsApp-Image-2025-06-14-at-08.53.02-768x1086.jpeg 768w, https:\/\/www.giurgiuveanul.ro\/stiri\/wp-content\/uploads\/2025\/06\/WhatsApp-Image-2025-06-14-at-08.53.02-1086x1536.jpeg 1086w, https:\/\/www.giurgiuveanul.ro\/stiri\/wp-content\/uploads\/2025\/06\/WhatsApp-Image-2025-06-14-at-08.53.02-400x566.jpeg 400w\" sizes=\"auto, (max-width: 643px) 100vw, 643px\" \/><\/a><\/p>\n<p>&nbsp;<\/p>\n","protected":false},"excerpt":{"rendered":"<p>Take IT este o chemare c\u0103tre a accepta provocarea de a fi mai mult dec\u00e2t crezi TU c\u0103 e\u0219ti!<\/p>\n","protected":false},"author":1,"featured_media":115690,"comment_status":"open","ping_status":"open","sticky":false,"template":"","format":"standard","meta":{"footnotes":""},"categories":[1],"tags":[],"class_list":["post-115689","post","type-post","status-publish","format-standard","has-post-thumbnail","hentry","category-actualitate"],"_links":{"self":[{"href":"https:\/\/www.giurgiuveanul.ro\/stiri\/wp-json\/wp\/v2\/posts\/115689","targetHints":{"allow":["GET"]}}],"collection":[{"href":"https:\/\/www.giurgiuveanul.ro\/stiri\/wp-json\/wp\/v2\/posts"}],"about":[{"href":"https:\/\/www.giurgiuveanul.ro\/stiri\/wp-json\/wp\/v2\/types\/post"}],"author":[{"embeddable":true,"href":"https:\/\/www.giurgiuveanul.ro\/stiri\/wp-json\/wp\/v2\/users\/1"}],"replies":[{"embeddable":true,"href":"https:\/\/www.giurgiuveanul.ro\/stiri\/wp-json\/wp\/v2\/comments?post=115689"}],"version-history":[{"count":1,"href":"https:\/\/www.giurgiuveanul.ro\/stiri\/wp-json\/wp\/v2\/posts\/115689\/revisions"}],"predecessor-version":[{"id":115692,"href":"https:\/\/www.giurgiuveanul.ro\/stiri\/wp-json\/wp\/v2\/posts\/115689\/revisions\/115692"}],"wp:featuredmedia":[{"embeddable":true,"href":"https:\/\/www.giurgiuveanul.ro\/stiri\/wp-json\/wp\/v2\/media\/115690"}],"wp:attachment":[{"href":"https:\/\/www.giurgiuveanul.ro\/stiri\/wp-json\/wp\/v2\/media?parent=115689"}],"wp:term":[{"taxonomy":"category","embeddable":true,"href":"https:\/\/www.giurgiuveanul.ro\/stiri\/wp-json\/wp\/v2\/categories?post=115689"},{"taxonomy":"post_tag","embeddable":true,"href":"https:\/\/www.giurgiuveanul.ro\/stiri\/wp-json\/wp\/v2\/tags?post=115689"}],"curies":[{"name":"wp","href":"https:\/\/api.w.org\/{rel}","templated":true}]}}