{"id":115809,"date":"2025-06-17T15:19:49","date_gmt":"2025-06-17T12:19:49","guid":{"rendered":"https:\/\/www.giurgiuveanul.ro\/stiri\/?p=115809"},"modified":"2025-06-17T18:41:51","modified_gmt":"2025-06-17T15:41:51","slug":"manevrele-de-resuscitare-au-fost-zadarnice-a-fost-constatat-decesul-tanarului-de-doar-20-de-ani","status":"publish","type":"post","link":"https:\/\/www.giurgiuveanul.ro\/stiri\/manevrele-de-resuscitare-au-fost-zadarnice-a-fost-constatat-decesul-tanarului-de-doar-20-de-ani\/","title":{"rendered":"Manevrele de resuscitare au fost zadarnice: A fost constatat decesul t\u00e2n\u0103rului de doar 20 de ani\u2026"},"content":{"rendered":"<p style=\"text-align: justify;\" data-start=\"721\" data-end=\"889\"><strong><a href=\"https:\/\/www.giurgiuveanul.ro\/stiri\/wp-content\/uploads\/2025\/06\/00000-scaled.jpg\"><img loading=\"lazy\" decoding=\"async\" class=\"aligncenter wp-image-115810\" src=\"https:\/\/www.giurgiuveanul.ro\/stiri\/wp-content\/uploads\/2025\/06\/00000-560x420.jpg\" alt=\"\" width=\"739\" height=\"554\" srcset=\"https:\/\/www.giurgiuveanul.ro\/stiri\/wp-content\/uploads\/2025\/06\/00000-560x420.jpg 560w, https:\/\/www.giurgiuveanul.ro\/stiri\/wp-content\/uploads\/2025\/06\/00000-250x188.jpg 250w, https:\/\/www.giurgiuveanul.ro\/stiri\/wp-content\/uploads\/2025\/06\/00000-768x576.jpg 768w, https:\/\/www.giurgiuveanul.ro\/stiri\/wp-content\/uploads\/2025\/06\/00000-1536x1152.jpg 1536w, https:\/\/www.giurgiuveanul.ro\/stiri\/wp-content\/uploads\/2025\/06\/00000-2048x1536.jpg 2048w, https:\/\/www.giurgiuveanul.ro\/stiri\/wp-content\/uploads\/2025\/06\/00000-400x300.jpg 400w\" sizes=\"auto, (max-width: 739px) 100vw, 739px\" \/><\/a>Din nefericire,<!--more--> \u00een ciuda eforturilor sus\u021binute ale echipajului SAJ, inima t\u00e2n\u0103rului nu a mai putut fi readus\u0103 la via\u021b\u0103, iar decesul a fost declarat la fa\u021ba locului &#8211; potrivit ISU Giurgiu.<\/strong><\/p>\n<p>Trupul ne\u00eensufle\u021bit al t\u00e2n\u0103rului a fost dus la Morga Spitalului Jude\u0163ean pentru efectuarea autopsiei.<\/p>\n<p style=\"text-align: justify;\" data-start=\"891\" data-end=\"1147\">Tragedia este cu at\u00e2t mai dureroas\u0103 cu c\u00e2t, <strong data-start=\"935\" data-end=\"1026\">potrivit apropia\u021bilor prezen\u021bi, t\u00e2n\u0103rul \u00eemplinise 20 de ani cu doar c\u00e2teva zile \u00een urm\u0103<\/strong>. O zi de var\u0103, care trebuia s\u0103 fie un prilej de bucurie \u00eentre prieteni, s-a transformat \u00eentr-o nenorocire.<\/p>\n<p style=\"text-align: justify;\" data-start=\"1149\" data-end=\"1259\">Autorit\u0103\u021bile continu\u0103 cercet\u0103rile pentru a stabili cu exactitate circumstan\u021bele \u00een care s-a produs tragedia.<\/p>\n<p style=\"text-align: justify;\" data-start=\"1261\" data-end=\"1335\"><strong data-start=\"1265\" data-end=\"1335\">Dumnezeu s\u0103-l odihneasc\u0103 \u00een pace. Condolean\u021be familiei \u00eendurerate.<\/strong><\/p>\n","protected":false},"excerpt":{"rendered":"<p>Din nefericire,<\/p>\n","protected":false},"author":1,"featured_media":0,"comment_status":"open","ping_status":"open","sticky":false,"template":"","format":"standard","meta":{"footnotes":""},"categories":[1],"tags":[],"class_list":["post-115809","post","type-post","status-publish","format-standard","hentry","category-actualitate"],"_links":{"self":[{"href":"https:\/\/www.giurgiuveanul.ro\/stiri\/wp-json\/wp\/v2\/posts\/115809","targetHints":{"allow":["GET"]}}],"collection":[{"href":"https:\/\/www.giurgiuveanul.ro\/stiri\/wp-json\/wp\/v2\/posts"}],"about":[{"href":"https:\/\/www.giurgiuveanul.ro\/stiri\/wp-json\/wp\/v2\/types\/post"}],"author":[{"embeddable":true,"href":"https:\/\/www.giurgiuveanul.ro\/stiri\/wp-json\/wp\/v2\/users\/1"}],"replies":[{"embeddable":true,"href":"https:\/\/www.giurgiuveanul.ro\/stiri\/wp-json\/wp\/v2\/comments?post=115809"}],"version-history":[{"count":3,"href":"https:\/\/www.giurgiuveanul.ro\/stiri\/wp-json\/wp\/v2\/posts\/115809\/revisions"}],"predecessor-version":[{"id":115813,"href":"https:\/\/www.giurgiuveanul.ro\/stiri\/wp-json\/wp\/v2\/posts\/115809\/revisions\/115813"}],"wp:attachment":[{"href":"https:\/\/www.giurgiuveanul.ro\/stiri\/wp-json\/wp\/v2\/media?parent=115809"}],"wp:term":[{"taxonomy":"category","embeddable":true,"href":"https:\/\/www.giurgiuveanul.ro\/stiri\/wp-json\/wp\/v2\/categories?post=115809"},{"taxonomy":"post_tag","embeddable":true,"href":"https:\/\/www.giurgiuveanul.ro\/stiri\/wp-json\/wp\/v2\/tags?post=115809"}],"curies":[{"name":"wp","href":"https:\/\/api.w.org\/{rel}","templated":true}]}}