{"id":115848,"date":"2025-06-19T13:06:54","date_gmt":"2025-06-19T10:06:54","guid":{"rendered":"https:\/\/www.giurgiuveanul.ro\/stiri\/?p=115848"},"modified":"2025-06-19T13:32:11","modified_gmt":"2025-06-19T10:32:11","slug":"copilul-de-aur-al-giurgiului-erika-andreea-tuinea-campioana-la-dans-si-gimnastica-la-doar-zece-ani-va-reprezenta-romania-la-dance-world-cup-2025","status":"publish","type":"post","link":"https:\/\/www.giurgiuveanul.ro\/stiri\/copilul-de-aur-al-giurgiului-erika-andreea-tuinea-campioana-la-dans-si-gimnastica-la-doar-zece-ani-va-reprezenta-romania-la-dance-world-cup-2025\/","title":{"rendered":"Copilul de aur al Giurgiului: Erika Andreea \u021auinea, campioan\u0103 la dans \u0219i gimnastic\u0103 la doar zece ani, va reprezenta Rom\u00e2nia la Dance World Cup 2025!"},"content":{"rendered":"<p style=\"text-align: justify;\"><strong><a href=\"https:\/\/www.giurgiuveanul.ro\/stiri\/wp-content\/uploads\/2025\/06\/00-erika-1.jpg\"><img loading=\"lazy\" decoding=\"async\" class=\"aligncenter wp-image-115849\" src=\"https:\/\/www.giurgiuveanul.ro\/stiri\/wp-content\/uploads\/2025\/06\/00-erika-1-309x450.jpg\" alt=\"\" width=\"701\" height=\"1020\" srcset=\"https:\/\/www.giurgiuveanul.ro\/stiri\/wp-content\/uploads\/2025\/06\/00-erika-1-309x450.jpg 309w, https:\/\/www.giurgiuveanul.ro\/stiri\/wp-content\/uploads\/2025\/06\/00-erika-1-206x300.jpg 206w, https:\/\/www.giurgiuveanul.ro\/stiri\/wp-content\/uploads\/2025\/06\/00-erika-1-768x1119.jpg 768w, https:\/\/www.giurgiuveanul.ro\/stiri\/wp-content\/uploads\/2025\/06\/00-erika-1-400x583.jpg 400w, https:\/\/www.giurgiuveanul.ro\/stiri\/wp-content\/uploads\/2025\/06\/00-erika-1.jpg 1063w\" sizes=\"auto, (max-width: 701px) 100vw, 701px\" \/><\/a>Erika Andreea Tuinea, din Giurgiu, demonstreaz\u0103, la doar zece ani, c\u0103 talentul autentic se vede de la o v\u00e2rst\u0103 fraged\u0103, iar pasiunea, sus\u021binut\u0103 de munc\u0103 \u0219i dedicare, poate duce la<!--more--> performan\u021be remarcabile. Practic\u00e2nd dansul \u0219i gimnastica de numai doi ani, Erika a reu\u0219it deja s\u0103 ating\u0103 culmi impresionante \u00een competi\u021biile na\u021bionale \u0219i interna\u021bionale.<\/strong><\/p>\n<p><a href=\"https:\/\/www.giurgiuveanul.ro\/stiri\/wp-content\/uploads\/2025\/06\/00-erika-2.jpg\"><img loading=\"lazy\" decoding=\"async\" class=\"aligncenter wp-image-115851\" src=\"https:\/\/www.giurgiuveanul.ro\/stiri\/wp-content\/uploads\/2025\/06\/00-erika-2-367x450.jpg\" alt=\"\" width=\"692\" height=\"849\" srcset=\"https:\/\/www.giurgiuveanul.ro\/stiri\/wp-content\/uploads\/2025\/06\/00-erika-2-367x450.jpg 367w, https:\/\/www.giurgiuveanul.ro\/stiri\/wp-content\/uploads\/2025\/06\/00-erika-2-244x300.jpg 244w, https:\/\/www.giurgiuveanul.ro\/stiri\/wp-content\/uploads\/2025\/06\/00-erika-2-768x943.jpg 768w, https:\/\/www.giurgiuveanul.ro\/stiri\/wp-content\/uploads\/2025\/06\/00-erika-2-400x491.jpg 400w, https:\/\/www.giurgiuveanul.ro\/stiri\/wp-content\/uploads\/2025\/06\/00-erika-2.jpg 1200w\" sizes=\"auto, (max-width: 692px) 100vw, 692px\" \/><\/a><\/p>\n<p style=\"text-align: justify;\">Parcursul ei spectaculos a \u00eenceput \u00eentr-un mod cu totul special: Erika a fost remarcat\u0103 de actuala sa antrenoare, <strong>Beatrice Coman<\/strong>, \u00een cadrul unui eveniment de Zumba. De\u0219i era doar o participant\u0103, energia \u0219i naturale\u021bea cu care dansa au atras imediat aten\u021bia antrenoarei, care a v\u0103zut \u00een ea un poten\u021bial uria\u0219. Din acel moment s-a format \u00eentre ele o rela\u021bie deosebit\u0103, bazat\u0103 pe \u00eencredere, sus\u021binere \u0219i pasiune comun\u0103 pentru art\u0103 \u0219i performan\u021b\u0103.<\/p>\n<p style=\"text-align: justify;\">Sub \u00eendrumarea atent\u0103 a cunoscutei <strong>Beatrice Coman<\/strong> \u0219i antren\u00e2ndu-se la <strong>CS Academia de Gimnastic\u0103 \u0219i Dans BeAcademy<\/strong>, <span style=\"color: #ff0000;\"><strong>Erika a participat p\u00e2n\u0103 \u00een prezent la 21 de competi\u021bii na\u021bionale \u0219i interna\u021bionale, reu\u0219ind s\u0103 se eviden\u021bieze de fiecare dat\u0103 prin ob\u021binerea locului 1.<\/strong><\/span><\/p>\n<p><a href=\"https:\/\/www.giurgiuveanul.ro\/stiri\/wp-content\/uploads\/2025\/06\/00-erika-3.jpg\"><img loading=\"lazy\" decoding=\"async\" class=\"aligncenter wp-image-115853\" src=\"https:\/\/www.giurgiuveanul.ro\/stiri\/wp-content\/uploads\/2025\/06\/00-erika-3-365x450.jpg\" alt=\"\" width=\"676\" height=\"834\" srcset=\"https:\/\/www.giurgiuveanul.ro\/stiri\/wp-content\/uploads\/2025\/06\/00-erika-3-365x450.jpg 365w, https:\/\/www.giurgiuveanul.ro\/stiri\/wp-content\/uploads\/2025\/06\/00-erika-3-243x300.jpg 243w, https:\/\/www.giurgiuveanul.ro\/stiri\/wp-content\/uploads\/2025\/06\/00-erika-3-768x948.jpg 768w, https:\/\/www.giurgiuveanul.ro\/stiri\/wp-content\/uploads\/2025\/06\/00-erika-3-400x494.jpg 400w, https:\/\/www.giurgiuveanul.ro\/stiri\/wp-content\/uploads\/2025\/06\/00-erika-3.jpg 1000w\" sizes=\"auto, (max-width: 676px) 100vw, 676px\" \/><\/a> <a href=\"https:\/\/www.giurgiuveanul.ro\/stiri\/wp-content\/uploads\/2025\/06\/00-erika-4.jpg\"><img loading=\"lazy\" decoding=\"async\" class=\"aligncenter wp-image-115854\" src=\"https:\/\/www.giurgiuveanul.ro\/stiri\/wp-content\/uploads\/2025\/06\/00-erika-4-306x450.jpg\" alt=\"\" width=\"673\" height=\"990\" srcset=\"https:\/\/www.giurgiuveanul.ro\/stiri\/wp-content\/uploads\/2025\/06\/00-erika-4-306x450.jpg 306w, https:\/\/www.giurgiuveanul.ro\/stiri\/wp-content\/uploads\/2025\/06\/00-erika-4-204x300.jpg 204w, https:\/\/www.giurgiuveanul.ro\/stiri\/wp-content\/uploads\/2025\/06\/00-erika-4-400x588.jpg 400w, https:\/\/www.giurgiuveanul.ro\/stiri\/wp-content\/uploads\/2025\/06\/00-erika-4.jpg 1000w\" sizes=\"auto, (max-width: 673px) 100vw, 673px\" \/><\/a><\/p>\n<p style=\"text-align: justify;\">Cel mai recent succes de r\u0103sunet este <strong>calificarea la Dance World Cup 2025,<\/strong> una dintre cele mai importante competi\u021bii de dans la nivel mondial, <strong>ce se va desf\u0103\u0219ura \u00een perioada 3\u201312 iulie 2025, \u00een Burgos, Spania<\/strong>. Reprezent\u00e2nd Rom\u00e2nia, <strong>Erika va p\u0103\u0219i pe scen\u0103 al\u0103turi de cei mai buni dansatori din lume<\/strong>.<\/p>\n<p><a href=\"https:\/\/www.giurgiuveanul.ro\/stiri\/wp-content\/uploads\/2025\/06\/00-erika-5.jpg\"><img loading=\"lazy\" decoding=\"async\" class=\"aligncenter wp-image-115856\" src=\"https:\/\/www.giurgiuveanul.ro\/stiri\/wp-content\/uploads\/2025\/06\/00-erika-5-355x450.jpg\" alt=\"\" width=\"669\" height=\"848\" srcset=\"https:\/\/www.giurgiuveanul.ro\/stiri\/wp-content\/uploads\/2025\/06\/00-erika-5-355x450.jpg 355w, https:\/\/www.giurgiuveanul.ro\/stiri\/wp-content\/uploads\/2025\/06\/00-erika-5-236x300.jpg 236w, https:\/\/www.giurgiuveanul.ro\/stiri\/wp-content\/uploads\/2025\/06\/00-erika-5-768x975.jpg 768w, https:\/\/www.giurgiuveanul.ro\/stiri\/wp-content\/uploads\/2025\/06\/00-erika-5-400x508.jpg 400w, https:\/\/www.giurgiuveanul.ro\/stiri\/wp-content\/uploads\/2025\/06\/00-erika-5.jpg 1000w\" sizes=\"auto, (max-width: 669px) 100vw, 669px\" \/><\/a> <a href=\"https:\/\/www.giurgiuveanul.ro\/stiri\/wp-content\/uploads\/2025\/06\/00-erika-6.jpg\"><img loading=\"lazy\" decoding=\"async\" class=\"aligncenter wp-image-115857\" src=\"https:\/\/www.giurgiuveanul.ro\/stiri\/wp-content\/uploads\/2025\/06\/00-erika-6-297x450.jpg\" alt=\"\" width=\"665\" height=\"1008\" srcset=\"https:\/\/www.giurgiuveanul.ro\/stiri\/wp-content\/uploads\/2025\/06\/00-erika-6-297x450.jpg 297w, https:\/\/www.giurgiuveanul.ro\/stiri\/wp-content\/uploads\/2025\/06\/00-erika-6-198x300.jpg 198w, https:\/\/www.giurgiuveanul.ro\/stiri\/wp-content\/uploads\/2025\/06\/00-erika-6-396x600.jpg 396w, https:\/\/www.giurgiuveanul.ro\/stiri\/wp-content\/uploads\/2025\/06\/00-erika-6.jpg 676w\" sizes=\"auto, (max-width: 665px) 100vw, 665px\" \/><\/a><\/p>\n<p style=\"text-align: justify;\">\u00cen plus, anul 2025 i-a adus titlul de Campion Na\u021bional la competi\u021bia National Championship \u2013 Stage &amp; Performing Arts la categoria Show Dance Juvenili 2 ( 10-11 ani) organizat\u0103 sub egida WDSF \u2013 DanceSport \u0219i Federa\u021bia Rom\u00e2n\u0103 de Dans Sportiv, confirm\u00e2ndu-i \u00eenc\u0103 o dat\u0103 valoarea \u0219i talentul.<\/p>\n<p style=\"text-align: justify;\">Erika \u0162uinea este dovada vie c\u0103 visele mari pot \u00eencepe de la pa\u0219i mici, dar siguri. Povestea ei este o surs\u0103 de inspira\u021bie pentru al\u021bi copii care iubesc sportul \u0219i arta, dar \u0219i un exemplu pentru ce \u00eenseamn\u0103 descoperirea adev\u0103ratului poten\u021bial atunci c\u00e2nd este ghidat cu grij\u0103 \u0219i pasiune.<\/p>\n<p style=\"text-align: justify;\"><em>Felicit\u0103ri, Erika! Giurgiu se m\u00e2ndre\u0219te cu tine! <\/em><em>\ud83c\udf1f<\/em><\/p>\n","protected":false},"excerpt":{"rendered":"<p>Erika Andreea Tuinea, din Giurgiu, demonstreaz\u0103, la doar zece ani, c\u0103 talentul autentic se vede de la o v\u00e2rst\u0103 fraged\u0103, iar pasiunea, sus\u021binut\u0103 de munc\u0103 \u0219i dedicare, poate duce la<\/p>\n","protected":false},"author":1,"featured_media":0,"comment_status":"open","ping_status":"open","sticky":false,"template":"","format":"standard","meta":{"footnotes":""},"categories":[6],"tags":[150,149,151],"class_list":["post-115848","post","type-post","status-publish","format-standard","hentry","category-breaking-news","tag-campioana-la-dans-si-gimnastica-la-doar-zece-ani","tag-copilul-de-aur-al-giurgiului-erika-andreea-tuinea","tag-va-reprezenta-romania-la-dance-world-cup-2025"],"_links":{"self":[{"href":"https:\/\/www.giurgiuveanul.ro\/stiri\/wp-json\/wp\/v2\/posts\/115848","targetHints":{"allow":["GET"]}}],"collection":[{"href":"https:\/\/www.giurgiuveanul.ro\/stiri\/wp-json\/wp\/v2\/posts"}],"about":[{"href":"https:\/\/www.giurgiuveanul.ro\/stiri\/wp-json\/wp\/v2\/types\/post"}],"author":[{"embeddable":true,"href":"https:\/\/www.giurgiuveanul.ro\/stiri\/wp-json\/wp\/v2\/users\/1"}],"replies":[{"embeddable":true,"href":"https:\/\/www.giurgiuveanul.ro\/stiri\/wp-json\/wp\/v2\/comments?post=115848"}],"version-history":[{"count":5,"href":"https:\/\/www.giurgiuveanul.ro\/stiri\/wp-json\/wp\/v2\/posts\/115848\/revisions"}],"predecessor-version":[{"id":115859,"href":"https:\/\/www.giurgiuveanul.ro\/stiri\/wp-json\/wp\/v2\/posts\/115848\/revisions\/115859"}],"wp:attachment":[{"href":"https:\/\/www.giurgiuveanul.ro\/stiri\/wp-json\/wp\/v2\/media?parent=115848"}],"wp:term":[{"taxonomy":"category","embeddable":true,"href":"https:\/\/www.giurgiuveanul.ro\/stiri\/wp-json\/wp\/v2\/categories?post=115848"},{"taxonomy":"post_tag","embeddable":true,"href":"https:\/\/www.giurgiuveanul.ro\/stiri\/wp-json\/wp\/v2\/tags?post=115848"}],"curies":[{"name":"wp","href":"https:\/\/api.w.org\/{rel}","templated":true}]}}