{"id":115885,"date":"2025-06-20T10:58:25","date_gmt":"2025-06-20T07:58:25","guid":{"rendered":"https:\/\/www.giurgiuveanul.ro\/stiri\/?p=115885"},"modified":"2025-06-20T10:58:25","modified_gmt":"2025-06-20T07:58:25","slug":"ghiozdane-pline-de-speranta-pentru-copii-nevazuti-o-sansa-reala-la-educatie","status":"publish","type":"post","link":"https:\/\/www.giurgiuveanul.ro\/stiri\/ghiozdane-pline-de-speranta-pentru-copii-nevazuti-o-sansa-reala-la-educatie\/","title":{"rendered":"Ghiozdane pline de speran\u021b\u0103 pentru copii nev\u0103zu\u021bi \u2013 o \u0219ans\u0103 real\u0103 la educa\u021bie"},"content":{"rendered":"<p style=\"text-align: justify;\"><strong><a href=\"https:\/\/www.giurgiuveanul.ro\/stiri\/wp-content\/uploads\/2025\/06\/000-CAMPANIE-LA-LETCA.jpeg\"><img loading=\"lazy\" decoding=\"async\" class=\"aligncenter  wp-image-115886\" src=\"https:\/\/www.giurgiuveanul.ro\/stiri\/wp-content\/uploads\/2025\/06\/000-CAMPANIE-LA-LETCA-360x450.jpeg\" alt=\"\" width=\"714\" height=\"893\" srcset=\"https:\/\/www.giurgiuveanul.ro\/stiri\/wp-content\/uploads\/2025\/06\/000-CAMPANIE-LA-LETCA-360x450.jpeg 360w, https:\/\/www.giurgiuveanul.ro\/stiri\/wp-content\/uploads\/2025\/06\/000-CAMPANIE-LA-LETCA-240x300.jpeg 240w, https:\/\/www.giurgiuveanul.ro\/stiri\/wp-content\/uploads\/2025\/06\/000-CAMPANIE-LA-LETCA-768x961.jpeg 768w, https:\/\/www.giurgiuveanul.ro\/stiri\/wp-content\/uploads\/2025\/06\/000-CAMPANIE-LA-LETCA-400x500.jpeg 400w, https:\/\/www.giurgiuveanul.ro\/stiri\/wp-content\/uploads\/2025\/06\/000-CAMPANIE-LA-LETCA.jpeg 1080w\" sizes=\"auto, (max-width: 714px) 100vw, 714px\" \/><\/a>\u00cen Rom\u00e2nia rural\u0103, educa\u021bia continu\u0103 s\u0103 fie un privilegiu, nu un drept garantat pentru to\u021bi copiii. Peste 45% dintre elevii de la<!--more--> sate nu dispun de resursele minime pentru a \u00eencepe anul \u0219colar, potrivit celor mai recente date INS \u0219i UNICEF. Funda\u021bia ASSA lanseaz\u0103 campania \u201ePrima zi de \u0219coal\u0103\u201d, o ini\u021biativ\u0103 social\u0103 menit\u0103 s\u0103 echipeze 150 de copii din comunit\u0103\u021bi vulnerabile cu ghiozdane complet dotate \u2013 un pas concret spre o educa\u021bie egal\u0103 \u0219i incluziv\u0103.<\/strong><\/p>\n<p style=\"text-align: justify;\"><strong>Campania se desf\u0103\u0219oar\u0103 \u00eentre 17 iunie \u0219i 31 august 2025<\/strong>, viz\u00e2nd comunit\u0103\u021bile: Cocora, Coelia, Reviga (Ialomi\u021ba), Co\u021bofenii din Dos (Dolj), Ciohorani (Ia\u0219i), Apa\u021ba (Bra\u0219ov), Ro\u0219ia (Sibiu), <span style=\"color: #ff0000;\"><strong>Letca Nou\u0103 (Giurgiu)<\/strong><\/span> \u0219i Valea Corbului (Arge\u0219).<\/p>\n<p style=\"text-align: justify;\">\u201ePentru unii copii, prima zi de \u0219coal\u0103 nu aduce bucurie, ci anxietate. Lipsa rechizitelor sau a unui ghiozdan devine o barier\u0103 t\u0103cut\u0103 \u00een calea educa\u021biei. Prin aceast\u0103 campanie, vrem s\u0103 le ar\u0103t\u0103m c\u0103 nu sunt singuri. Fiecare ghiozdan oferit e mai mult dec\u00e2t un obiect \u2013 e o promisiune de sprijin \u0219i demnitate.\u201d \u2013 transmite Echipa Funda\u021biei ASSA.<\/p>\n<p style=\"text-align: justify;\"><strong>Cum se pot implica persoanele fizice \u0219i companiile:<\/strong><\/p>\n<ul style=\"text-align: justify;\">\n<li><a href=\"https:\/\/fundatiaassa.org\/redirectioneaza-20\/\"><strong>Sponsorizare direct\u0103<\/strong> sau cu <strong>deductibilitate<\/strong><\/a><strong> fiscal\u0103<\/strong> prin Formularul D177,<\/li>\n<li><strong>Dona\u021bii de produse<\/strong> \u2013 rechizite, ghiozdane, penare \u0219i alte materiale necesare,<\/li>\n<li><a href=\"https:\/\/fundatiaassa.org\/doneaza\/\"><strong>Dona\u021bii persoane fizice<\/strong><\/a> \u2013 u\u0219or de utilizat, direct \u00een site,<\/li>\n<li><strong>Implicare ca partener de campanie<\/strong> \u2013 promovare, voluntariat, suport logistic.<\/li>\n<\/ul>\n<p style=\"text-align: justify;\"><strong>Orice contribu\u021bie conteaz\u0103.<\/strong> \u00centr-o lume \u00een care inegalitatea educa\u021bional\u0103 devine tot mai vizibil\u0103, gesturile mici pot avea impact uria\u0219. Invit\u0103m to\u021bi oamenii de bine \u2013 companii, organiza\u021bii \u0219i cet\u0103\u021beni \u2013 s\u0103 se al\u0103ture acestei cauze.<\/p>\n<p style=\"text-align: justify;\"><strong>Schimbarea \u00eencepe cu un gest. Iar educa\u021bia \u00eencepe cu un ghiozdan.<\/strong><\/p>\n<p style=\"text-align: justify;\">\ud83d\udce9 Pentru mai multe informa\u021bii, dona\u021bii sau parteneriate:<br \/>\n\ud83c\udf10 <a href=\"https:\/\/fundatiaassa.org\/\">https:\/\/fundatiaassa.org\/<\/a> | \u2709\ufe0f <a href=\"mailto:office@fundatiaassa.org\">office@fundatiaassa.org<\/a><\/p>\n<p style=\"text-align: justify;\"><strong>Despre <\/strong><a href=\"https:\/\/fundatiaassa.org\"><strong>Funda\u021bia ASSA<\/strong><\/a><strong>:<\/strong><\/p>\n<p style=\"text-align: justify;\">Funda\u021bia ASSA este o organiza\u021bie non-guvernamental\u0103 dedicat\u0103 sprijinirii copiilor afla\u021bi \u00een situa\u021bii de vulnerabilitate, prin interven\u021bii integrate \u00een domeniile s\u0103n\u0103t\u0103\u021bii, educa\u021biei \u0219i incluziunii sociale. Cu o viziune centrat\u0103 pe dreptul fiec\u0103rui copil la o via\u021b\u0103 demn\u0103 \u0219i un viitor \u00eemplinit, Funda\u021bia desf\u0103\u0219oar\u0103 proiecte care ofer\u0103 suport medical, educa\u021bional \u0219i emo\u021bional copiilor cu afec\u021biuni grave sau proveni\u021bi din medii defavorizate. Sub deviza \u201eTr\u0103im. Iubim. D\u0103ruim.\u201d, echipa ASSA lucreaz\u0103 activ la reintegrarea social\u0103 \u0219i familial\u0103 a beneficiarilor s\u0103i, dezvolt\u00e2nd \u00een paralel programe de mentorat \u0219i sprijin pentru mame aflate \u00een dificultate.<\/p>\n<p style=\"text-align: justify;\">Unul dintre cele mai ambi\u021bioase proiecte ale funda\u021biei este Campusul Medical \u0219i Educa\u021bional ASSA \u2013 un concept inovator \u00een Rom\u00e2nia, care \u00eembin\u0103 servicii medicale specializate cu activit\u0103\u021bi educa\u021bional-recreative. Pe l\u00e2ng\u0103 acest proiect, Funda\u021bia organizeaz\u0103 tabere, ateliere \u0219i caravane sociale \u00een \u00eentreaga \u021bar\u0103, desf\u0103\u0219oar\u0103 campanii sociale \u0219i sus\u021bine copiii talenta\u021bi prin ini\u021biativa \u201e\u0218i eu am Steaua mea!\u201d.<\/p>\n","protected":false},"excerpt":{"rendered":"<p>\u00cen Rom\u00e2nia rural\u0103, educa\u021bia continu\u0103 s\u0103 fie un privilegiu, nu un drept garantat pentru to\u021bi copiii. Peste 45% dintre elevii de la<\/p>\n","protected":false},"author":1,"featured_media":0,"comment_status":"open","ping_status":"open","sticky":false,"template":"","format":"standard","meta":{"footnotes":""},"categories":[1],"tags":[154,153,155],"class_list":["post-115885","post","type-post","status-publish","format-standard","hentry","category-actualitate","tag-fundatia-assa","tag-ghiozdane-pline-de-speranta-pentru-copii-nevazuti-o-sansa-reala-la-educatie","tag-letca-noua"],"_links":{"self":[{"href":"https:\/\/www.giurgiuveanul.ro\/stiri\/wp-json\/wp\/v2\/posts\/115885","targetHints":{"allow":["GET"]}}],"collection":[{"href":"https:\/\/www.giurgiuveanul.ro\/stiri\/wp-json\/wp\/v2\/posts"}],"about":[{"href":"https:\/\/www.giurgiuveanul.ro\/stiri\/wp-json\/wp\/v2\/types\/post"}],"author":[{"embeddable":true,"href":"https:\/\/www.giurgiuveanul.ro\/stiri\/wp-json\/wp\/v2\/users\/1"}],"replies":[{"embeddable":true,"href":"https:\/\/www.giurgiuveanul.ro\/stiri\/wp-json\/wp\/v2\/comments?post=115885"}],"version-history":[{"count":1,"href":"https:\/\/www.giurgiuveanul.ro\/stiri\/wp-json\/wp\/v2\/posts\/115885\/revisions"}],"predecessor-version":[{"id":115887,"href":"https:\/\/www.giurgiuveanul.ro\/stiri\/wp-json\/wp\/v2\/posts\/115885\/revisions\/115887"}],"wp:attachment":[{"href":"https:\/\/www.giurgiuveanul.ro\/stiri\/wp-json\/wp\/v2\/media?parent=115885"}],"wp:term":[{"taxonomy":"category","embeddable":true,"href":"https:\/\/www.giurgiuveanul.ro\/stiri\/wp-json\/wp\/v2\/categories?post=115885"},{"taxonomy":"post_tag","embeddable":true,"href":"https:\/\/www.giurgiuveanul.ro\/stiri\/wp-json\/wp\/v2\/tags?post=115885"}],"curies":[{"name":"wp","href":"https:\/\/api.w.org\/{rel}","templated":true}]}}