{"id":116312,"date":"2025-07-08T08:53:34","date_gmt":"2025-07-08T05:53:34","guid":{"rendered":"https:\/\/www.giurgiuveanul.ro\/stiri\/?p=116312"},"modified":"2025-07-08T08:53:34","modified_gmt":"2025-07-08T05:53:34","slug":"pericolul-scurtcircuitului-incendiu-la-o-casa-din-localitatea-toporu","status":"publish","type":"post","link":"https:\/\/www.giurgiuveanul.ro\/stiri\/pericolul-scurtcircuitului-incendiu-la-o-casa-din-localitatea-toporu\/","title":{"rendered":"Pericolul scurtcircuitului: incendiu la o cas\u0103 din localitatea Toporu"},"content":{"rendered":"<p style=\"text-align: justify;\"><strong><a href=\"https:\/\/www.giurgiuveanul.ro\/stiri\/wp-content\/uploads\/2025\/07\/0000-TTOPOTRU-INCENDIU.jpg\"><img loading=\"lazy\" decoding=\"async\" class=\"aligncenter  wp-image-116313\" src=\"https:\/\/www.giurgiuveanul.ro\/stiri\/wp-content\/uploads\/2025\/07\/0000-TTOPOTRU-INCENDIU-560x413.jpg\" alt=\"\" width=\"751\" height=\"554\" srcset=\"https:\/\/www.giurgiuveanul.ro\/stiri\/wp-content\/uploads\/2025\/07\/0000-TTOPOTRU-INCENDIU-560x413.jpg 560w, https:\/\/www.giurgiuveanul.ro\/stiri\/wp-content\/uploads\/2025\/07\/0000-TTOPOTRU-INCENDIU-250x185.jpg 250w, https:\/\/www.giurgiuveanul.ro\/stiri\/wp-content\/uploads\/2025\/07\/0000-TTOPOTRU-INCENDIU-768x567.jpg 768w, https:\/\/www.giurgiuveanul.ro\/stiri\/wp-content\/uploads\/2025\/07\/0000-TTOPOTRU-INCENDIU-400x295.jpg 400w, https:\/\/www.giurgiuveanul.ro\/stiri\/wp-content\/uploads\/2025\/07\/0000-TTOPOTRU-INCENDIU.jpg 1200w\" sizes=\"auto, (max-width: 751px) 100vw, 751px\" \/><\/a>Pompierii au<!--more--> intervenit, ieri dup\u0103-amiaz\u0103, pentru stingerea unui incendiu izbucnit la o cas\u0103 din localitatea Toporu.\u00a0 La fa\u021ba locului s-au deplasat pompierii din cadrul Deta\u0219amentului Giurgiu, cu dou\u0103 autospeciale de stingere.<\/strong><\/p>\n<p style=\"text-align: justify;\">Pompierii au constatat faptul c\u0103 incendiul se manifesta violent la nivelul acoperi\u0219ului, dar \u0219i la o anex\u0103 din apropiere. Ace\u0219tia au ac\u021bionat rapid, astfel \u00eenc\u00e2t fl\u0103c\u0103rile s\u0103 nu se extind\u0103 \u0219i la celelalte proprie\u021b\u0103\u021bi \u00eenvecinate. Au ars acoperi\u0219ul pe o suprafa\u021b\u0103 de aproximativ 50 de mp, anexa \u0219i cca. 1000 de kilograme de lemne.<\/p>\n<p style=\"text-align: justify;\">Cauza probabil\u0103 de producere a incendiului a fost scurtcircuitul.<\/p>\n<p style=\"text-align: justify;\"><strong>Informare preventiv\u0103 <\/strong><\/p>\n<p style=\"text-align: justify;\">Pentru \u00eenl\u0103turarea pericolului de incendiu ce poate ap\u0103rea pe timpul exploat\u0103rii instala\u021biei electrice, trebuie adoptate urm\u0103toarele m\u0103suri:<\/p>\n<p style=\"text-align: justify;\">&#8211; verifica\u021bi periodic instala\u0163ia electric\u0103, cu ajutorul personalului autorizat;<\/p>\n<p style=\"text-align: justify;\">&#8211; nu folosi\u0163i prize sau \u00eentrerup\u0103toare sl\u0103bite. \u00cen cazul \u00een care observa\u0163i c\u0103 priza se mi\u015fc\u0103 sau c\u0103 \u00een jurul \u00eentrerup\u0103torului exist\u0103 orificii libere, cere\u0163i ajutorul unui specialist pentru schimbarea prizei\/\u00eentrerup\u0103torului \u015fi pentru izolarea zonei respective;<\/p>\n<p style=\"text-align: justify;\">&#8211; nu utiliza\u0163i aparate electrice care au conductorii de alimentare uza\u0163i, deteriora\u0163i sau care nu mai au \u015ftecher;<\/p>\n<p style=\"text-align: justify;\">&#8211; nu alimenta\u0163i mai mul\u0163i consumatori electrici din acela\u015fi prelungitor, concomitent;<\/p>\n<p style=\"text-align: justify;\">&#8211; nu l\u0103sa\u0163i aparatele electrice sub tensiune c\u00e2nd nu le folosi\u0163i deoarece acestea pot fi oric\u00e2nd surse generatoare de incendiu.<\/p>\n<p>&nbsp;<\/p>\n","protected":false},"excerpt":{"rendered":"<p>Pompierii au<\/p>\n","protected":false},"author":1,"featured_media":0,"comment_status":"open","ping_status":"open","sticky":false,"template":"","format":"standard","meta":{"footnotes":""},"categories":[1],"tags":[],"class_list":["post-116312","post","type-post","status-publish","format-standard","hentry","category-actualitate"],"_links":{"self":[{"href":"https:\/\/www.giurgiuveanul.ro\/stiri\/wp-json\/wp\/v2\/posts\/116312","targetHints":{"allow":["GET"]}}],"collection":[{"href":"https:\/\/www.giurgiuveanul.ro\/stiri\/wp-json\/wp\/v2\/posts"}],"about":[{"href":"https:\/\/www.giurgiuveanul.ro\/stiri\/wp-json\/wp\/v2\/types\/post"}],"author":[{"embeddable":true,"href":"https:\/\/www.giurgiuveanul.ro\/stiri\/wp-json\/wp\/v2\/users\/1"}],"replies":[{"embeddable":true,"href":"https:\/\/www.giurgiuveanul.ro\/stiri\/wp-json\/wp\/v2\/comments?post=116312"}],"version-history":[{"count":1,"href":"https:\/\/www.giurgiuveanul.ro\/stiri\/wp-json\/wp\/v2\/posts\/116312\/revisions"}],"predecessor-version":[{"id":116314,"href":"https:\/\/www.giurgiuveanul.ro\/stiri\/wp-json\/wp\/v2\/posts\/116312\/revisions\/116314"}],"wp:attachment":[{"href":"https:\/\/www.giurgiuveanul.ro\/stiri\/wp-json\/wp\/v2\/media?parent=116312"}],"wp:term":[{"taxonomy":"category","embeddable":true,"href":"https:\/\/www.giurgiuveanul.ro\/stiri\/wp-json\/wp\/v2\/categories?post=116312"},{"taxonomy":"post_tag","embeddable":true,"href":"https:\/\/www.giurgiuveanul.ro\/stiri\/wp-json\/wp\/v2\/tags?post=116312"}],"curies":[{"name":"wp","href":"https:\/\/api.w.org\/{rel}","templated":true}]}}