{"id":116427,"date":"2025-07-14T11:28:13","date_gmt":"2025-07-14T08:28:13","guid":{"rendered":"https:\/\/www.giurgiuveanul.ro\/stiri\/?p=116427"},"modified":"2025-07-14T11:29:16","modified_gmt":"2025-07-14T08:29:16","slug":"incendiu-violent-intr-o-gospodarie","status":"publish","type":"post","link":"https:\/\/www.giurgiuveanul.ro\/stiri\/incendiu-violent-intr-o-gospodarie\/","title":{"rendered":"ISU Giurgiu. Incendiu violent \u00eentr-o gospod\u0103rie"},"content":{"rendered":"<p style=\"text-align: justify;\"><strong><a href=\"https:\/\/www.giurgiuveanul.ro\/stiri\/wp-content\/uploads\/2025\/07\/000-incendiu-milcovatu.jpeg\"><img loading=\"lazy\" decoding=\"async\" class=\"aligncenter wp-image-116428\" src=\"https:\/\/www.giurgiuveanul.ro\/stiri\/wp-content\/uploads\/2025\/07\/000-incendiu-milcovatu-453x450.jpeg\" alt=\"\" width=\"757\" height=\"752\" srcset=\"https:\/\/www.giurgiuveanul.ro\/stiri\/wp-content\/uploads\/2025\/07\/000-incendiu-milcovatu-453x450.jpeg 453w, https:\/\/www.giurgiuveanul.ro\/stiri\/wp-content\/uploads\/2025\/07\/000-incendiu-milcovatu-250x248.jpeg 250w, https:\/\/www.giurgiuveanul.ro\/stiri\/wp-content\/uploads\/2025\/07\/000-incendiu-milcovatu-768x763.jpeg 768w, https:\/\/www.giurgiuveanul.ro\/stiri\/wp-content\/uploads\/2025\/07\/000-incendiu-milcovatu-200x200.jpeg 200w, https:\/\/www.giurgiuveanul.ro\/stiri\/wp-content\/uploads\/2025\/07\/000-incendiu-milcovatu-400x397.jpeg 400w, https:\/\/www.giurgiuveanul.ro\/stiri\/wp-content\/uploads\/2025\/07\/000-incendiu-milcovatu.jpeg 900w\" sizes=\"auto, (max-width: 757px) 100vw, 757px\" \/><\/a>Un incendiu violent s-a produs,<!--more--> ieri dup\u0103-amiaz\u0103, \u00eentr-o gospod\u0103rie din localitatea Milcov\u0103\u021bu. Cel mai probabil, focul a pornit \u00een urma unui scurtcircuit.<\/strong><\/p>\n<p style=\"text-align: justify;\">La fa\u021ba locului s-au deplasat pompierii de la Sec\u021bia Mih\u0103ile\u0219ti \u0219i Garda de Interven\u021bie Roata de Jos, cu trei autospeciale de stingere cu ap\u0103 \u0219i spum\u0103, sprijini\u021bi de Serviciul Voluntar pentru Situa\u021bii de Urgen\u021b\u0103 \u201cLetca Nou\u0103\u201d.<\/p>\n<p style=\"text-align: justify;\">\u00a0La sosirea echipajelor, ardeau generalizat trei anexe gospod\u0103re\u0219ti, pe o suprafa\u021b\u0103 de aproximativ 120 mp. Ace\u0219tia au ac\u021bionat rapid, astfel \u00eenc\u00e2t fl\u0103c\u0103rile s\u0103 nu se extind\u0103 la \u00eentreaga locuin\u021b\u0103 \u0219i la celelalte propriet\u0103\u021bi \u00eenvecinate.<\/p>\n<p style=\"text-align: justify;\">Au ars 30 de g\u0103ini, doi iepuri, un c\u00e2ine, 500 kilograme de trifoi \u0219i lemne pentru foc. Au fost salva\u021bi 30 de pui \u0219i o pisic\u0103.<\/p>\n<p style=\"text-align: justify;\">Incendiul a fost lichidat dup\u0103 aproximativ trei ore.<\/p>\n<p style=\"text-align: justify;\">Pentru a preveni incendiile auto, recomand\u0103m respectarea urm\u0103toarelor m\u0103suri:<\/p>\n<ul style=\"text-align: justify;\">\n<li>verifica\u0163i instala\u0163ia electric\u0103;<\/li>\n<li>asigura\u0163i-v\u0103 c\u0103 echipamentele de iluminat electric nu sunt defecte sau neizolate;<\/li>\n<li>verifica\u0163i dac\u0103 apar eventuale scurgeri de carburan\u021bi sau lubrifian\u021bi;<\/li>\n<li>nu face\u021bi improviza\u021bii la instala\u021bia electric\u0103;<\/li>\n<li>verifica\u021bi perioada de valabilitate a sting\u0103torului din autovehicul.<\/li>\n<\/ul>\n<p style=\"text-align: justify;\">\u00cen continuare, pompierii militari r\u0103m\u00e2n mobiliza\u021bi, 24 de ore din 24, pentru gestionarea operativ\u0103 a situa\u0163iilor de urgen\u0163\u0103 \u015fi acordarea primului ajutor medical specializat persoanelor aflate \u00een dificultate.<\/p>\n<p style=\"text-align: justify;\">Evenimentele \u00eenregistrate la nivel jude\u021bean r\u0103m\u00e2n \u00een aten\u021bia Centrului Opera\u021bional, pentru dispunerea imediat\u0103 a m\u0103surilor menite s\u0103 asigure optimizarea misiunilor de r\u0103spuns orientate spre salvarea de vie\u021bi.<\/p>\n<p style=\"text-align: justify;\">Informa\u021bii despre modul de comportare \u00een cazul producerii unor situa\u021bii de urgen\u021b\u0103 pot fi ob\u021binute prin accesarea platformei na\u021bionale de preg\u0103tire \u00een situa\u021bii de urgen\u021b\u0103 <a href=\"https:\/\/fiipregatit.ro\">https:\/\/fiipregatit.ro<\/a> \u0219i din aplica\u021bia de mobil DSU care poate fi desc\u0103rcat\u0103 gratuit din App Store \u0219i Google Play.<\/p>\n<p style=\"text-align: center;\"><em><strong>Compartimentul Informare \u0219i Rela\u021bii Publice &#8211; ISU Giurgiu<\/strong><\/em><\/p>\n","protected":false},"excerpt":{"rendered":"<p>Un incendiu violent s-a produs,<\/p>\n","protected":false},"author":1,"featured_media":0,"comment_status":"open","ping_status":"open","sticky":false,"template":"","format":"standard","meta":{"footnotes":""},"categories":[1],"tags":[],"class_list":["post-116427","post","type-post","status-publish","format-standard","hentry","category-actualitate"],"_links":{"self":[{"href":"https:\/\/www.giurgiuveanul.ro\/stiri\/wp-json\/wp\/v2\/posts\/116427","targetHints":{"allow":["GET"]}}],"collection":[{"href":"https:\/\/www.giurgiuveanul.ro\/stiri\/wp-json\/wp\/v2\/posts"}],"about":[{"href":"https:\/\/www.giurgiuveanul.ro\/stiri\/wp-json\/wp\/v2\/types\/post"}],"author":[{"embeddable":true,"href":"https:\/\/www.giurgiuveanul.ro\/stiri\/wp-json\/wp\/v2\/users\/1"}],"replies":[{"embeddable":true,"href":"https:\/\/www.giurgiuveanul.ro\/stiri\/wp-json\/wp\/v2\/comments?post=116427"}],"version-history":[{"count":2,"href":"https:\/\/www.giurgiuveanul.ro\/stiri\/wp-json\/wp\/v2\/posts\/116427\/revisions"}],"predecessor-version":[{"id":116430,"href":"https:\/\/www.giurgiuveanul.ro\/stiri\/wp-json\/wp\/v2\/posts\/116427\/revisions\/116430"}],"wp:attachment":[{"href":"https:\/\/www.giurgiuveanul.ro\/stiri\/wp-json\/wp\/v2\/media?parent=116427"}],"wp:term":[{"taxonomy":"category","embeddable":true,"href":"https:\/\/www.giurgiuveanul.ro\/stiri\/wp-json\/wp\/v2\/categories?post=116427"},{"taxonomy":"post_tag","embeddable":true,"href":"https:\/\/www.giurgiuveanul.ro\/stiri\/wp-json\/wp\/v2\/tags?post=116427"}],"curies":[{"name":"wp","href":"https:\/\/api.w.org\/{rel}","templated":true}]}}