{"id":116523,"date":"2025-07-16T19:06:38","date_gmt":"2025-07-16T16:06:38","guid":{"rendered":"https:\/\/www.giurgiuveanul.ro\/stiri\/?p=116523"},"modified":"2025-07-16T19:06:38","modified_gmt":"2025-07-16T16:06:38","slug":"penitenciarul-giurgiu-precizeaza-neprezentarea-nejustificata-la-data-si-ora-stabilita-din-permisiunea-de-iesirire-din-penitenciar-este-asimilata-infractiunii-de-evadare","status":"publish","type":"post","link":"https:\/\/www.giurgiuveanul.ro\/stiri\/penitenciarul-giurgiu-precizeaza-neprezentarea-nejustificata-la-data-si-ora-stabilita-din-permisiunea-de-iesirire-din-penitenciar-este-asimilata-infractiunii-de-evadare\/","title":{"rendered":"Penitenciarul Giurgiu precizeaz\u0103: Neprezentarea nejustificat\u0103, la data \u0219i ora stabilit\u0103, din permisiunea de ie\u0219irire din penitenciar, este asimilat\u0103 infrac\u021biunii de evadare"},"content":{"rendered":"<p style=\"text-align: justify;\"><a href=\"https:\/\/www.giurgiuveanul.ro\/stiri\/wp-content\/uploads\/2025\/07\/giurgiu-ok-768x403-1.png\"><img loading=\"lazy\" decoding=\"async\" class=\"aligncenter  wp-image-116524\" src=\"https:\/\/www.giurgiuveanul.ro\/stiri\/wp-content\/uploads\/2025\/07\/giurgiu-ok-768x403-1-560x294.png\" alt=\"\" width=\"691\" height=\"363\" srcset=\"https:\/\/www.giurgiuveanul.ro\/stiri\/wp-content\/uploads\/2025\/07\/giurgiu-ok-768x403-1-560x294.png 560w, https:\/\/www.giurgiuveanul.ro\/stiri\/wp-content\/uploads\/2025\/07\/giurgiu-ok-768x403-1-250x131.png 250w, https:\/\/www.giurgiuveanul.ro\/stiri\/wp-content\/uploads\/2025\/07\/giurgiu-ok-768x403-1-400x210.png 400w, https:\/\/www.giurgiuveanul.ro\/stiri\/wp-content\/uploads\/2025\/07\/giurgiu-ok-768x403-1.png 768w\" sizes=\"auto, (max-width: 691px) 100vw, 691px\" \/><\/a>Penitenciarul Giurgiu informeaz\u0103 c\u0103,<!--more--> \u00een data de 16 iulie 2025 de\u021binutul Cosma Costic\u0103, \u00een v\u00e2rst\u0103 de 31 de ani, a fost identificat \u0219i capturat \u00een comuna Buc\u0219ani, jude\u021bul Giurgiu, \u00een urma unei ac\u021biuni desf\u0103\u0219urate de c\u0103tre poli\u021bi\u0219tii din cadrul IPJ Giurgiu, \u00een colaborare cu personal din cadrul Penitenciarului Giurgiu.<\/p>\n<p style=\"text-align: justify;\">Reaminitim c\u0103 de\u021binutul nu s-a prezentat la unitate la expirarea perioadei de permisie acordate conform prevederilor legale, respectiv \u00een data de 04.07.2025, ora 09.00.<\/p>\n<p style=\"text-align: justify;\">Acesta urmeaz\u0103 s\u0103 fie re\u00eencarcerat \u00een Penitenciarul Giurgiu, \u00een vederea\u00a0 dispunerii m\u0103surilor legale.<\/p>\n<p style=\"text-align: justify;\">Reiter\u0103m faptul c\u0103 neprezentarea nejustificat\u0103, la data \u0219i ora stabilit\u0103, din permisiunea de ie\u0219irire din penitenciar, este asimilat\u0103 infrac\u021biunii de evadare \u0219i se pedepse\u0219te, conform prevederilor articolului 285 din Codul Penal, cu \u00eenchisoarea de la 6 luni la 3 ani.<\/p>\n<p style=\"text-align: justify;\">Conducerea Penitenciarului Giurgiu mul\u021bume\u0219te pentru sprijin tuturor structurilor Ministerului Afacerilor Interne, reprezentan\u021bilor mass-media, precum \u0219i cet\u0103\u021benilor care au oferit informa\u021bii ce au condus la capturarea de\u021binutului.<\/p>\n","protected":false},"excerpt":{"rendered":"<p>Penitenciarul Giurgiu informeaz\u0103 c\u0103,<\/p>\n","protected":false},"author":1,"featured_media":0,"comment_status":"open","ping_status":"open","sticky":false,"template":"","format":"standard","meta":{"footnotes":""},"categories":[6],"tags":[],"class_list":["post-116523","post","type-post","status-publish","format-standard","hentry","category-breaking-news"],"_links":{"self":[{"href":"https:\/\/www.giurgiuveanul.ro\/stiri\/wp-json\/wp\/v2\/posts\/116523","targetHints":{"allow":["GET"]}}],"collection":[{"href":"https:\/\/www.giurgiuveanul.ro\/stiri\/wp-json\/wp\/v2\/posts"}],"about":[{"href":"https:\/\/www.giurgiuveanul.ro\/stiri\/wp-json\/wp\/v2\/types\/post"}],"author":[{"embeddable":true,"href":"https:\/\/www.giurgiuveanul.ro\/stiri\/wp-json\/wp\/v2\/users\/1"}],"replies":[{"embeddable":true,"href":"https:\/\/www.giurgiuveanul.ro\/stiri\/wp-json\/wp\/v2\/comments?post=116523"}],"version-history":[{"count":1,"href":"https:\/\/www.giurgiuveanul.ro\/stiri\/wp-json\/wp\/v2\/posts\/116523\/revisions"}],"predecessor-version":[{"id":116525,"href":"https:\/\/www.giurgiuveanul.ro\/stiri\/wp-json\/wp\/v2\/posts\/116523\/revisions\/116525"}],"wp:attachment":[{"href":"https:\/\/www.giurgiuveanul.ro\/stiri\/wp-json\/wp\/v2\/media?parent=116523"}],"wp:term":[{"taxonomy":"category","embeddable":true,"href":"https:\/\/www.giurgiuveanul.ro\/stiri\/wp-json\/wp\/v2\/categories?post=116523"},{"taxonomy":"post_tag","embeddable":true,"href":"https:\/\/www.giurgiuveanul.ro\/stiri\/wp-json\/wp\/v2\/tags?post=116523"}],"curies":[{"name":"wp","href":"https:\/\/api.w.org\/{rel}","templated":true}]}}