{"id":116593,"date":"2025-07-20T09:06:05","date_gmt":"2025-07-20T06:06:05","guid":{"rendered":"https:\/\/www.giurgiuveanul.ro\/stiri\/?p=116593"},"modified":"2025-07-20T19:27:42","modified_gmt":"2025-07-20T16:27:42","slug":"un-barbat-a-furat-o-ambulanta-de-la-upu-giurgiu","status":"publish","type":"post","link":"https:\/\/www.giurgiuveanul.ro\/stiri\/un-barbat-a-furat-o-ambulanta-de-la-upu-giurgiu\/","title":{"rendered":"Un b\u0103rbat a furat o Ambulan\u021b\u0103 de la UPU Giurgiu"},"content":{"rendered":"<p style=\"text-align: justify;\"><strong><a href=\"https:\/\/www.giurgiuveanul.ro\/stiri\/wp-content\/uploads\/2025\/07\/ambulanta-noaptea.jpg\"><img loading=\"lazy\" decoding=\"async\" class=\"aligncenter wp-image-116594\" src=\"https:\/\/www.giurgiuveanul.ro\/stiri\/wp-content\/uploads\/2025\/07\/ambulanta-noaptea-560x378.jpg\" alt=\"\" width=\"612\" height=\"413\" srcset=\"https:\/\/www.giurgiuveanul.ro\/stiri\/wp-content\/uploads\/2025\/07\/ambulanta-noaptea-560x378.jpg 560w, https:\/\/www.giurgiuveanul.ro\/stiri\/wp-content\/uploads\/2025\/07\/ambulanta-noaptea-250x169.jpg 250w, https:\/\/www.giurgiuveanul.ro\/stiri\/wp-content\/uploads\/2025\/07\/ambulanta-noaptea-400x270.jpg 400w, https:\/\/www.giurgiuveanul.ro\/stiri\/wp-content\/uploads\/2025\/07\/ambulanta-noaptea.jpg 747w\" sizes=\"auto, (max-width: 612px) 100vw, 612px\" \/><\/a>Un incident de-a dreptul \u0219ocant a avut loc noaptea trecut\u0103 la Spitalul Jude\u021bean de Urgen\u021b\u0103 Giurgiu. Un b\u0103rbat,<!--more--> recent transportat la Unitatea de Primiri Urgen\u021be (UPU), a profitat de un moment de neaten\u021bie \u0219i a furat o ambulan\u021b\u0103 parcat\u0103 \u00een fa\u021ba UPU.<\/strong><\/p>\n<p style=\"text-align: justify;\">Conform informa\u021biilor preliminare, individul fusese adus la spital pentru investiga\u021bii medicale. Dup\u0103 ce a p\u0103r\u0103sit cl\u0103direa, acesta a urcat \u00een autospeciala parcat\u0103 \u00een fa\u021ba UPU \u0219i a demarat \u00een tromb\u0103, f\u0103r\u0103 ca echipajul medical s\u0103 poat\u0103 interveni la timp.<\/p>\n<p style=\"text-align: justify;\">La scurt timp dup\u0103 ce dispari\u021bia ambulan\u021bei a fost semnalat\u0103, autorit\u0103\u021bile au declan\u0219at o ampl\u0103 opera\u021biune de c\u0103utare. Poli\u021bi\u0219tii giurgiuveni, \u00een colaborare cu colegii lor din jude\u021bul Telorman, au reu\u0219it s\u0103 intercepteze vehiculul \u00een trafic, pe raza jude\u021bului vecin. B\u0103rbatul a fost re\u021binut f\u0103r\u0103 a opune rezisten\u021b\u0103, iar ambulan\u021ba a fost recuperat\u0103 \u00een stare relativ bun\u0103, f\u0103r\u0103 pagube majore.<\/p>\n<p style=\"text-align: justify;\">Ancheta este \u00een desf\u0103\u0219urare, iar suspectul urmeaz\u0103 s\u0103 fie supus unei expertize psihiatrice pentru a se stabili dac\u0103 a avut discern\u0103m\u00e2nt \u00een momentul comiterii faptei.<\/p>\n<p style=\"text-align: justify;\">Furtul unui vehicul de interven\u021bie, mai ales \u00een condi\u021biile \u00een care ar fi putut fi solicitat pentru salvarea unei vie\u021bi, este o infrac\u021biune grav\u0103 care poate atrage pedepse severe conform Codului Penal.<\/p>\n<p>A\u0219tept\u0103m comunicatul IPJ Giurgiu.<\/p>\n","protected":false},"excerpt":{"rendered":"<p>Un incident de-a dreptul \u0219ocant a avut loc noaptea trecut\u0103 la Spitalul Jude\u021bean de Urgen\u021b\u0103 Giurgiu. Un b\u0103rbat,<\/p>\n","protected":false},"author":1,"featured_media":0,"comment_status":"open","ping_status":"open","sticky":false,"template":"","format":"standard","meta":{"footnotes":""},"categories":[1],"tags":[189],"class_list":["post-116593","post","type-post","status-publish","format-standard","hentry","category-actualitate","tag-un-barbat-a-furat-o-ambulanta-de-la-upu-giurgiu"],"_links":{"self":[{"href":"https:\/\/www.giurgiuveanul.ro\/stiri\/wp-json\/wp\/v2\/posts\/116593","targetHints":{"allow":["GET"]}}],"collection":[{"href":"https:\/\/www.giurgiuveanul.ro\/stiri\/wp-json\/wp\/v2\/posts"}],"about":[{"href":"https:\/\/www.giurgiuveanul.ro\/stiri\/wp-json\/wp\/v2\/types\/post"}],"author":[{"embeddable":true,"href":"https:\/\/www.giurgiuveanul.ro\/stiri\/wp-json\/wp\/v2\/users\/1"}],"replies":[{"embeddable":true,"href":"https:\/\/www.giurgiuveanul.ro\/stiri\/wp-json\/wp\/v2\/comments?post=116593"}],"version-history":[{"count":4,"href":"https:\/\/www.giurgiuveanul.ro\/stiri\/wp-json\/wp\/v2\/posts\/116593\/revisions"}],"predecessor-version":[{"id":116613,"href":"https:\/\/www.giurgiuveanul.ro\/stiri\/wp-json\/wp\/v2\/posts\/116593\/revisions\/116613"}],"wp:attachment":[{"href":"https:\/\/www.giurgiuveanul.ro\/stiri\/wp-json\/wp\/v2\/media?parent=116593"}],"wp:term":[{"taxonomy":"category","embeddable":true,"href":"https:\/\/www.giurgiuveanul.ro\/stiri\/wp-json\/wp\/v2\/categories?post=116593"},{"taxonomy":"post_tag","embeddable":true,"href":"https:\/\/www.giurgiuveanul.ro\/stiri\/wp-json\/wp\/v2\/tags?post=116593"}],"curies":[{"name":"wp","href":"https:\/\/api.w.org\/{rel}","templated":true}]}}