{"id":116622,"date":"2025-07-20T10:44:05","date_gmt":"2025-07-20T07:44:05","guid":{"rendered":"https:\/\/www.giurgiuveanul.ro\/stiri\/?p=116622"},"modified":"2025-07-21T08:49:55","modified_gmt":"2025-07-21T05:49:55","slug":"20-iulie-ziua-gospodarului-ziua-angajatiilor-din-companiile-de-apa-si-canalizare","status":"publish","type":"post","link":"https:\/\/www.giurgiuveanul.ro\/stiri\/20-iulie-ziua-gospodarului-ziua-angajatiilor-din-companiile-de-apa-si-canalizare\/","title":{"rendered":"20 Iulie, Ziua Gospodarului, ziua angaja\u021biilor din companiile de ap\u0103 \u0219i canalizare"},"content":{"rendered":"<p class=\"Standard\" style=\"text-align: justify;\"><strong><a href=\"https:\/\/www.giurgiuveanul.ro\/stiri\/wp-content\/uploads\/2025\/07\/000-ZIUA-GOSPODARULUI-2.jpeg\"><img loading=\"lazy\" decoding=\"async\" class=\"aligncenter wp-image-116623\" src=\"https:\/\/www.giurgiuveanul.ro\/stiri\/wp-content\/uploads\/2025\/07\/000-ZIUA-GOSPODARULUI-2-338x450.jpeg\" alt=\"\" width=\"659\" height=\"877\" srcset=\"https:\/\/www.giurgiuveanul.ro\/stiri\/wp-content\/uploads\/2025\/07\/000-ZIUA-GOSPODARULUI-2-338x450.jpeg 338w, https:\/\/www.giurgiuveanul.ro\/stiri\/wp-content\/uploads\/2025\/07\/000-ZIUA-GOSPODARULUI-2-225x300.jpeg 225w, https:\/\/www.giurgiuveanul.ro\/stiri\/wp-content\/uploads\/2025\/07\/000-ZIUA-GOSPODARULUI-2-400x533.jpeg 400w\" sizes=\"auto, (max-width: 659px) 100vw, 659px\" \/><\/a>Azi, ziua Sf\u00e2ntului Ilie aduce \u00een prim plan \u201doamenii apelor\u201d din<!--more--> toate companiile de ap\u0103 \u0219i canalizare.<\/strong><\/p>\n<p class=\"Standard\" style=\"text-align: justify;\">Este Ziua Gospodarului, un moment potrivit pentru a-i felicita pe to\u021bi cei care, zi de zi, dau dovad\u0103 de profesionalism.<\/p>\n<p class=\"Standard\" style=\"text-align: justify;\">Lu mul\u021bumim \u00een mod special colegilor no\u0219tri pentru orele <span style=\"color: black;\">petrecute \u00een canicul\u0103 sau ger, la interven\u021bii<\/span> \u0219i care se dedic\u0103 cu totul <span style=\"color: #111111;\">inclusiv \u00een weekend sau de s\u0103rb\u0103tori.<\/span><\/p>\n<p class=\"Standard\" style=\"text-align: justify;\">Cu aceast\u0103 ocazie, de Sf\u00e2ntul Ilie, patronul nostru spiritual, conducerea Apa Service Giurgiu mul\u021bume\u0219te tuturor angaja\u021bilor pentru activitatea depus\u0103, abona\u021bilor, partenerilor \u0219i colaboratorilor, asigur\u00e2ndu-i \u00een continuare, c\u0103 interesul comunit\u0103\u021bilor pe care le deservim va ghida scopul activit\u0103\u021bilor noastre.<\/p>\n<p class=\"Standard\" style=\"text-align: justify;\">La mul\u021bi ani!<\/p>\n<p class=\"Standard\" style=\"text-align: center;\"><em><strong>APA SERVICE GIURGIU<\/strong><\/em><\/p>\n<p><a href=\"https:\/\/www.giurgiuveanul.ro\/stiri\/wp-content\/uploads\/2025\/07\/ZIUA-GOSPODARULUI-3.jpeg\"><img loading=\"lazy\" decoding=\"async\" class=\"aligncenter  wp-image-116627\" src=\"https:\/\/www.giurgiuveanul.ro\/stiri\/wp-content\/uploads\/2025\/07\/ZIUA-GOSPODARULUI-3-338x450.jpeg\" alt=\"\" width=\"651\" height=\"866\" srcset=\"https:\/\/www.giurgiuveanul.ro\/stiri\/wp-content\/uploads\/2025\/07\/ZIUA-GOSPODARULUI-3-338x450.jpeg 338w, https:\/\/www.giurgiuveanul.ro\/stiri\/wp-content\/uploads\/2025\/07\/ZIUA-GOSPODARULUI-3-225x300.jpeg 225w, https:\/\/www.giurgiuveanul.ro\/stiri\/wp-content\/uploads\/2025\/07\/ZIUA-GOSPODARULUI-3-400x533.jpeg 400w\" sizes=\"auto, (max-width: 651px) 100vw, 651px\" \/><\/a> <a href=\"https:\/\/www.giurgiuveanul.ro\/stiri\/wp-content\/uploads\/2025\/07\/ZIUA-GOSPODARULUI-4.jpeg\"><img loading=\"lazy\" decoding=\"async\" class=\"aligncenter  wp-image-116628\" src=\"https:\/\/www.giurgiuveanul.ro\/stiri\/wp-content\/uploads\/2025\/07\/ZIUA-GOSPODARULUI-4-338x450.jpeg\" alt=\"\" width=\"651\" height=\"867\" srcset=\"https:\/\/www.giurgiuveanul.ro\/stiri\/wp-content\/uploads\/2025\/07\/ZIUA-GOSPODARULUI-4-338x450.jpeg 338w, https:\/\/www.giurgiuveanul.ro\/stiri\/wp-content\/uploads\/2025\/07\/ZIUA-GOSPODARULUI-4-225x300.jpeg 225w, https:\/\/www.giurgiuveanul.ro\/stiri\/wp-content\/uploads\/2025\/07\/ZIUA-GOSPODARULUI-4-768x1024.jpeg 768w, https:\/\/www.giurgiuveanul.ro\/stiri\/wp-content\/uploads\/2025\/07\/ZIUA-GOSPODARULUI-4-400x533.jpeg 400w, https:\/\/www.giurgiuveanul.ro\/stiri\/wp-content\/uploads\/2025\/07\/ZIUA-GOSPODARULUI-4.jpeg 1080w\" sizes=\"auto, (max-width: 651px) 100vw, 651px\" \/><\/a><\/p>\n<p><a href=\"https:\/\/www.giurgiuveanul.ro\/stiri\/wp-content\/uploads\/2025\/07\/000-ZIUA-GOSPODARULUI.jpeg\"><img loading=\"lazy\" decoding=\"async\" class=\"aligncenter  wp-image-116625\" src=\"https:\/\/www.giurgiuveanul.ro\/stiri\/wp-content\/uploads\/2025\/07\/000-ZIUA-GOSPODARULUI-338x450.jpeg\" alt=\"\" width=\"656\" height=\"873\" srcset=\"https:\/\/www.giurgiuveanul.ro\/stiri\/wp-content\/uploads\/2025\/07\/000-ZIUA-GOSPODARULUI-338x450.jpeg 338w, https:\/\/www.giurgiuveanul.ro\/stiri\/wp-content\/uploads\/2025\/07\/000-ZIUA-GOSPODARULUI-225x300.jpeg 225w, https:\/\/www.giurgiuveanul.ro\/stiri\/wp-content\/uploads\/2025\/07\/000-ZIUA-GOSPODARULUI-400x533.jpeg 400w\" sizes=\"auto, (max-width: 656px) 100vw, 656px\" \/><\/a><\/p>\n<p>&nbsp;<\/p>\n","protected":false},"excerpt":{"rendered":"<p>Azi, ziua Sf\u00e2ntului Ilie aduce \u00een prim plan \u201doamenii apelor\u201d din<\/p>\n","protected":false},"author":1,"featured_media":0,"comment_status":"open","ping_status":"open","sticky":false,"template":"","format":"standard","meta":{"footnotes":""},"categories":[1],"tags":[],"class_list":["post-116622","post","type-post","status-publish","format-standard","hentry","category-actualitate"],"_links":{"self":[{"href":"https:\/\/www.giurgiuveanul.ro\/stiri\/wp-json\/wp\/v2\/posts\/116622","targetHints":{"allow":["GET"]}}],"collection":[{"href":"https:\/\/www.giurgiuveanul.ro\/stiri\/wp-json\/wp\/v2\/posts"}],"about":[{"href":"https:\/\/www.giurgiuveanul.ro\/stiri\/wp-json\/wp\/v2\/types\/post"}],"author":[{"embeddable":true,"href":"https:\/\/www.giurgiuveanul.ro\/stiri\/wp-json\/wp\/v2\/users\/1"}],"replies":[{"embeddable":true,"href":"https:\/\/www.giurgiuveanul.ro\/stiri\/wp-json\/wp\/v2\/comments?post=116622"}],"version-history":[{"count":3,"href":"https:\/\/www.giurgiuveanul.ro\/stiri\/wp-json\/wp\/v2\/posts\/116622\/revisions"}],"predecessor-version":[{"id":116629,"href":"https:\/\/www.giurgiuveanul.ro\/stiri\/wp-json\/wp\/v2\/posts\/116622\/revisions\/116629"}],"wp:attachment":[{"href":"https:\/\/www.giurgiuveanul.ro\/stiri\/wp-json\/wp\/v2\/media?parent=116622"}],"wp:term":[{"taxonomy":"category","embeddable":true,"href":"https:\/\/www.giurgiuveanul.ro\/stiri\/wp-json\/wp\/v2\/categories?post=116622"},{"taxonomy":"post_tag","embeddable":true,"href":"https:\/\/www.giurgiuveanul.ro\/stiri\/wp-json\/wp\/v2\/tags?post=116622"}],"curies":[{"name":"wp","href":"https:\/\/api.w.org\/{rel}","templated":true}]}}