{"id":117496,"date":"2025-08-25T12:32:51","date_gmt":"2025-08-25T09:32:51","guid":{"rendered":"https:\/\/www.giurgiuveanul.ro\/stiri\/?p=117496"},"modified":"2025-08-25T12:34:14","modified_gmt":"2025-08-25T09:34:14","slug":"duminica-a-xi-a-dupa-rusalii-la-biserica-sfanta-treime-din-parohia-smarda","status":"publish","type":"post","link":"https:\/\/www.giurgiuveanul.ro\/stiri\/duminica-a-xi-a-dupa-rusalii-la-biserica-sfanta-treime-din-parohia-smarda\/","title":{"rendered":"Duminica a XI-a dup\u0103 Rusalii la biserica \u201eSf\u00e2nta Treime\u201d din Parohia Sm\u00e2rda"},"content":{"rendered":"<p style=\"text-align: justify;\" data-start=\"83\" data-end=\"450\"><a href=\"https:\/\/www.giurgiuveanul.ro\/stiri\/wp-content\/uploads\/2025\/08\/smarda-1.jpg\"><img loading=\"lazy\" decoding=\"async\" class=\"aligncenter wp-image-117497\" src=\"https:\/\/www.giurgiuveanul.ro\/stiri\/wp-content\/uploads\/2025\/08\/smarda-1-549x450.jpg\" alt=\"\" width=\"797\" height=\"653\" srcset=\"https:\/\/www.giurgiuveanul.ro\/stiri\/wp-content\/uploads\/2025\/08\/smarda-1-549x450.jpg 549w, https:\/\/www.giurgiuveanul.ro\/stiri\/wp-content\/uploads\/2025\/08\/smarda-1-250x205.jpg 250w, https:\/\/www.giurgiuveanul.ro\/stiri\/wp-content\/uploads\/2025\/08\/smarda-1-768x630.jpg 768w, https:\/\/www.giurgiuveanul.ro\/stiri\/wp-content\/uploads\/2025\/08\/smarda-1-400x328.jpg 400w, https:\/\/www.giurgiuveanul.ro\/stiri\/wp-content\/uploads\/2025\/08\/smarda-1.jpg 1200w\" sizes=\"auto, (max-width: 797px) 100vw, 797px\" \/><\/a>Ieri, \u00een<!--more--> <strong data-start=\"92\" data-end=\"124\">Duminica a XI-a dup\u0103 Rusalii<\/strong>, c\u00e2nd Biserica a r\u00e2nduit s\u0103 fie citit\u0103 <strong data-start=\"164\" data-end=\"197\">Pilda datornicului nemilostiv<\/strong>, credincio\u0219ii Parohiei Sm\u00e2rda, Protopopiatul Giurgiu, au avut bucuria de a-l primi \u00een mijlocul lor pe <strong data-start=\"300\" data-end=\"360\">Preasfin\u021bitul P\u0103rinte Dr. Ambrozie, Episcopul Giurgiului<\/strong>, care a s\u0103v\u00e2r\u0219it <strong data-start=\"378\" data-end=\"398\">Sf\u00e2nta Liturghie<\/strong> \u00eenconjurat de un ales sobor de preo\u021bi \u0219i diaconi.<\/p>\n<p data-start=\"83\" data-end=\"450\"><a href=\"https:\/\/www.giurgiuveanul.ro\/stiri\/wp-content\/uploads\/2025\/08\/smarda-2-.jpg\"><img loading=\"lazy\" decoding=\"async\" class=\"aligncenter  wp-image-117499\" src=\"https:\/\/www.giurgiuveanul.ro\/stiri\/wp-content\/uploads\/2025\/08\/smarda-2--560x302.jpg\" alt=\"\" width=\"784\" height=\"423\" srcset=\"https:\/\/www.giurgiuveanul.ro\/stiri\/wp-content\/uploads\/2025\/08\/smarda-2--560x302.jpg 560w, https:\/\/www.giurgiuveanul.ro\/stiri\/wp-content\/uploads\/2025\/08\/smarda-2--250x135.jpg 250w, https:\/\/www.giurgiuveanul.ro\/stiri\/wp-content\/uploads\/2025\/08\/smarda-2--768x415.jpg 768w, https:\/\/www.giurgiuveanul.ro\/stiri\/wp-content\/uploads\/2025\/08\/smarda-2--400x216.jpg 400w, https:\/\/www.giurgiuveanul.ro\/stiri\/wp-content\/uploads\/2025\/08\/smarda-2-.jpg 1000w\" sizes=\"auto, (max-width: 784px) 100vw, 784px\" \/><\/a> <a href=\"https:\/\/www.giurgiuveanul.ro\/stiri\/wp-content\/uploads\/2025\/08\/smarda-4.jpg\"><img loading=\"lazy\" decoding=\"async\" class=\"aligncenter  wp-image-117500\" src=\"https:\/\/www.giurgiuveanul.ro\/stiri\/wp-content\/uploads\/2025\/08\/smarda-4-497x450.jpg\" alt=\"\" width=\"779\" height=\"705\" srcset=\"https:\/\/www.giurgiuveanul.ro\/stiri\/wp-content\/uploads\/2025\/08\/smarda-4-497x450.jpg 497w, https:\/\/www.giurgiuveanul.ro\/stiri\/wp-content\/uploads\/2025\/08\/smarda-4-250x227.jpg 250w, https:\/\/www.giurgiuveanul.ro\/stiri\/wp-content\/uploads\/2025\/08\/smarda-4-768x696.jpg 768w, https:\/\/www.giurgiuveanul.ro\/stiri\/wp-content\/uploads\/2025\/08\/smarda-4-400x362.jpg 400w, https:\/\/www.giurgiuveanul.ro\/stiri\/wp-content\/uploads\/2025\/08\/smarda-4.jpg 1000w\" sizes=\"auto, (max-width: 779px) 100vw, 779px\" \/><\/a><\/p>\n<p style=\"text-align: justify;\" data-start=\"452\" data-end=\"654\">\u00cen cuv\u00e2ntul de \u00eenv\u0103\u021b\u0103tur\u0103 adresat celor prezen\u021bi, Ierarhul a vorbit despre sensurile duhovnice\u0219ti ale pericopei evanghelice, subliniind importan\u021ba iert\u0103rii \u0219i a milostivirii \u00een via\u021ba fiec\u0103rui cre\u0219tin.<\/p>\n<p data-start=\"452\" data-end=\"654\"><a href=\"https:\/\/www.giurgiuveanul.ro\/stiri\/wp-content\/uploads\/2025\/08\/smarda-3.jpg\"><img loading=\"lazy\" decoding=\"async\" class=\"aligncenter  wp-image-117502\" src=\"https:\/\/www.giurgiuveanul.ro\/stiri\/wp-content\/uploads\/2025\/08\/smarda-3-560x390.jpg\" alt=\"\" width=\"767\" height=\"534\" srcset=\"https:\/\/www.giurgiuveanul.ro\/stiri\/wp-content\/uploads\/2025\/08\/smarda-3-560x390.jpg 560w, https:\/\/www.giurgiuveanul.ro\/stiri\/wp-content\/uploads\/2025\/08\/smarda-3-250x174.jpg 250w, https:\/\/www.giurgiuveanul.ro\/stiri\/wp-content\/uploads\/2025\/08\/smarda-3-768x535.jpg 768w, https:\/\/www.giurgiuveanul.ro\/stiri\/wp-content\/uploads\/2025\/08\/smarda-3-400x279.jpg 400w, https:\/\/www.giurgiuveanul.ro\/stiri\/wp-content\/uploads\/2025\/08\/smarda-3.jpg 1000w\" sizes=\"auto, (max-width: 767px) 100vw, 767px\" \/><\/a> <a href=\"https:\/\/www.giurgiuveanul.ro\/stiri\/wp-content\/uploads\/2025\/08\/smarda-5.jpg\"><img loading=\"lazy\" decoding=\"async\" class=\"aligncenter  wp-image-117503\" src=\"https:\/\/www.giurgiuveanul.ro\/stiri\/wp-content\/uploads\/2025\/08\/smarda-5-540x450.jpg\" alt=\"\" width=\"759\" height=\"632\" srcset=\"https:\/\/www.giurgiuveanul.ro\/stiri\/wp-content\/uploads\/2025\/08\/smarda-5-540x450.jpg 540w, https:\/\/www.giurgiuveanul.ro\/stiri\/wp-content\/uploads\/2025\/08\/smarda-5-250x208.jpg 250w, https:\/\/www.giurgiuveanul.ro\/stiri\/wp-content\/uploads\/2025\/08\/smarda-5-768x640.jpg 768w, https:\/\/www.giurgiuveanul.ro\/stiri\/wp-content\/uploads\/2025\/08\/smarda-5-400x333.jpg 400w, https:\/\/www.giurgiuveanul.ro\/stiri\/wp-content\/uploads\/2025\/08\/smarda-5.jpg 1000w\" sizes=\"auto, (max-width: 759px) 100vw, 759px\" \/><\/a><\/p>\n<p style=\"text-align: justify;\" data-start=\"656\" data-end=\"930\">De asemenea, <strong data-start=\"669\" data-end=\"741\">Preasfin\u021bia Sa l-a felicitat pe p\u0103rintele protopop Alexandrescu Ilie<\/strong>, paroh al bisericii, pentru rodnica activitate pastoral-misionar\u0103 \u0219i pentru sprijinul constant oferit prin <strong data-start=\"849\" data-end=\"879\">cantina social\u0103 a parohiei<\/strong>, unde zilnic primesc hran\u0103 cei afla\u021bi \u00een nevoie.<\/p>\n<p style=\"text-align: justify;\" data-start=\"932\" data-end=\"1121\">La finalul slujbei, credincio\u0219ii au primit \u00een dar din partea Ierarhului <strong data-start=\"1004\" data-end=\"1066\">ultimele numere ale revistei \u201eFamilia Ortodox\u0103\u201d \u0219i iconi\u021be<\/strong>, ca semn de binecuv\u00e2ntare \u0219i \u00eent\u0103rire duhovniceasc\u0103.<\/p>\n<p style=\"text-align: left;\" data-start=\"1129\" data-end=\"1501\">Biserica \u201eSf\u00e2nta Treime\u201d\u00a0 Sm\u00e2rda este un loc de rug\u0103ciune cu o istorie bogat\u0103, fiind ridicat\u0103 \u00eentre anii <strong data-start=\"1237\" data-end=\"1250\">1864-1868<\/strong>, \u00een vremea p\u0103storirii preotului Paraschiv P\u00e2rlogeanu. \u00cencep\u00e2nd cu anul <strong data-start=\"1322\" data-end=\"1330\">2009<\/strong>, cu binecuv\u00e2ntarea Preasfin\u021bitului P\u0103rinte Ambrozie, l\u0103ca\u0219ul a intrat \u00eentr-un amplu proces de restaurare, iar \u00een <strong data-start=\"1444\" data-end=\"1452\">2015<\/strong>, de praznicul Sfintei Treimi, a fost t\u00e2rnosit.<\/p>\n","protected":false},"excerpt":{"rendered":"<p>Ieri, \u00een<\/p>\n","protected":false},"author":1,"featured_media":0,"comment_status":"open","ping_status":"open","sticky":false,"template":"","format":"standard","meta":{"footnotes":""},"categories":[1],"tags":[],"class_list":["post-117496","post","type-post","status-publish","format-standard","hentry","category-actualitate"],"_links":{"self":[{"href":"https:\/\/www.giurgiuveanul.ro\/stiri\/wp-json\/wp\/v2\/posts\/117496","targetHints":{"allow":["GET"]}}],"collection":[{"href":"https:\/\/www.giurgiuveanul.ro\/stiri\/wp-json\/wp\/v2\/posts"}],"about":[{"href":"https:\/\/www.giurgiuveanul.ro\/stiri\/wp-json\/wp\/v2\/types\/post"}],"author":[{"embeddable":true,"href":"https:\/\/www.giurgiuveanul.ro\/stiri\/wp-json\/wp\/v2\/users\/1"}],"replies":[{"embeddable":true,"href":"https:\/\/www.giurgiuveanul.ro\/stiri\/wp-json\/wp\/v2\/comments?post=117496"}],"version-history":[{"count":3,"href":"https:\/\/www.giurgiuveanul.ro\/stiri\/wp-json\/wp\/v2\/posts\/117496\/revisions"}],"predecessor-version":[{"id":117504,"href":"https:\/\/www.giurgiuveanul.ro\/stiri\/wp-json\/wp\/v2\/posts\/117496\/revisions\/117504"}],"wp:attachment":[{"href":"https:\/\/www.giurgiuveanul.ro\/stiri\/wp-json\/wp\/v2\/media?parent=117496"}],"wp:term":[{"taxonomy":"category","embeddable":true,"href":"https:\/\/www.giurgiuveanul.ro\/stiri\/wp-json\/wp\/v2\/categories?post=117496"},{"taxonomy":"post_tag","embeddable":true,"href":"https:\/\/www.giurgiuveanul.ro\/stiri\/wp-json\/wp\/v2\/tags?post=117496"}],"curies":[{"name":"wp","href":"https:\/\/api.w.org\/{rel}","templated":true}]}}